{"id":1035,"date":"2024-05-14T12:45:40","date_gmt":"2024-05-14T12:45:40","guid":{"rendered":"https:\/\/erkkimelartin.fi\/em\/?p=1035"},"modified":"2025-02-02T10:50:42","modified_gmt":"2025-02-02T10:50:42","slug":"melartin-juhlavuoden-2025-esite","status":"publish","type":"post","link":"https:\/\/erkkimelartin.fi\/em\/?p=1035","title":{"rendered":"Melartin-juhlavuoden 2025 esite"},"content":{"rendered":"\n<p>Vuonna 2025 juhlimme s\u00e4velt\u00e4j\u00e4 Erkki Melartinin syntym\u00e4n 150-vuotisjuhlaa monipuolisella ohjelmalla. <\/p>\n\n\n\n<figure class=\"wp-block-image size-large is-resized\"><a href=\"https:\/\/erkkimelartin.fi\/em\/wp-content\/uploads\/2025\/01\/Melartin-150-esite.pdf\"><img loading=\"lazy\" decoding=\"async\" width=\"719\" height=\"1024\" src=\"https:\/\/erkkimelartin.fi\/em\/wp-content\/uploads\/2024\/03\/Melartin-150-719x1024.jpg\" alt=\"\" class=\"wp-image-955\" style=\"width:271px;height:auto\" srcset=\"https:\/\/erkkimelartin.fi\/em\/wp-content\/uploads\/2024\/03\/Melartin-150-719x1024.jpg 719w, https:\/\/erkkimelartin.fi\/em\/wp-content\/uploads\/2024\/03\/Melartin-150-211x300.jpg 211w, https:\/\/erkkimelartin.fi\/em\/wp-content\/uploads\/2024\/03\/Melartin-150-768x1094.jpg 768w, https:\/\/erkkimelartin.fi\/em\/wp-content\/uploads\/2024\/03\/Melartin-150-1079x1536.jpg 1079w, https:\/\/erkkimelartin.fi\/em\/wp-content\/uploads\/2024\/03\/Melartin-150-1438x2048.jpg 1438w, https:\/\/erkkimelartin.fi\/em\/wp-content\/uploads\/2024\/03\/Melartin-150.jpg 1726w\" sizes=\"auto, (max-width: 719px) 100vw, 719px\" \/><\/a><\/figure>\n\n\n\n<p>Juhlavuodelle on <strong><a href=\"https:\/\/erkkimelartin.fi\/em\/?page_id=952\">oma sivunsa<\/a><\/strong>, jonka kautta my\u00f6s p\u00e4\u00e4see ohjelman sis\u00e4lt\u00e4v\u00e4\u00e4n vihkoseen.<\/p>\n","protected":false},"excerpt":{"rendered":"<p>Vuonna 2025 juhlimme s\u00e4velt\u00e4j\u00e4 Erkki Melartinin syntym\u00e4n 150-vuotisjuhlaa monipuolisella ohjelmalla. Juhlavuodelle on oma sivunsa, jonka kautta my\u00f6s p\u00e4\u00e4see ohjelman sis\u00e4lt\u00e4v\u00e4\u00e4n[&#8230;]<\/p>\n","protected":false},"author":1,"featured_media":0,"comment_status":"closed","ping_status":"closed","sticky":false,"template":"","format":"standard","meta":{"footnotes":""},"categories":[1],"tags":[],"class_list":["post-1035","post","type-post","status-publish","format-standard","hentry","category-uncategorized"],"_links":{"self":[{"href":"https:\/\/erkkimelartin.fi\/em\/index.php?rest_route=\/wp\/v2\/posts\/1035","targetHints":{"allow":["GET"]}}],"collection":[{"href":"https:\/\/erkkimelartin.fi\/em\/index.php?rest_route=\/wp\/v2\/posts"}],"about":[{"href":"https:\/\/erkkimelartin.fi\/em\/index.php?rest_route=\/wp\/v2\/types\/post"}],"author":[{"embeddable":true,"href":"https:\/\/erkkimelartin.fi\/em\/index.php?rest_route=\/wp\/v2\/users\/1"}],"replies":[{"embeddable":true,"href":"https:\/\/erkkimelartin.fi\/em\/index.php?rest_route=%2Fwp%2Fv2%2Fcomments&post=1035"}],"version-history":[{"count":5,"href":"https:\/\/erkkimelartin.fi\/em\/index.php?rest_route=\/wp\/v2\/posts\/1035\/revisions"}],"predecessor-version":[{"id":1075,"href":"https:\/\/erkkimelartin.fi\/em\/index.php?rest_route=\/wp\/v2\/posts\/1035\/revisions\/1075"}],"wp:attachment":[{"href":"https:\/\/erkkimelartin.fi\/em\/index.php?rest_route=%2Fwp%2Fv2%2Fmedia&parent=1035"}],"wp:term":[{"taxonomy":"category","embeddable":true,"href":"https:\/\/erkkimelartin.fi\/em\/index.php?rest_route=%2Fwp%2Fv2%2Fcategories&post=1035"},{"taxonomy":"post_tag","embeddable":true,"href":"https:\/\/erkkimelartin.fi\/em\/index.php?rest_route=%2Fwp%2Fv2%2Ftags&post=1035"}],"curies":[{"name":"wp","href":"https:\/\/api.w.org\/{rel}","templated":true}]}}