{"id":1037,"date":"2024-05-14T13:05:25","date_gmt":"2024-05-14T13:05:25","guid":{"rendered":"https:\/\/erkkimelartin.fi\/em\/?p=1037"},"modified":"2024-05-14T13:13:35","modified_gmt":"2024-05-14T13:13:35","slug":"melartin-seuran-kevatkokous-villa-gyllenbergissa","status":"publish","type":"post","link":"https:\/\/erkkimelartin.fi\/em\/?p=1037","title":{"rendered":"Melartin-seuran kev\u00e4tkokous Villa Gyllenbergiss\u00e4"},"content":{"rendered":"\n<p>Erkki Melartin -seura ry piti s\u00e4\u00e4nt\u00f6m\u00e4\u00e4r\u00e4isen kev\u00e4tkokouksensa t\u00e4n\u00e4 vuonna Helsingin Kuusisaaressa taidemuseo <a href=\"https:\/\/www.villagyllenberg.fi\/\">Villa Gyllenbergiss\u00e4<\/a>. Kokousasioissa ei kauan mennyt, kun todettiin vuoden 2023 sujuneen mallikkaasti. P\u00e4\u00e4asiana olikin tutustuminen museon n\u00e4yttelyyn <em><strong>Schjerfbeck &amp; muoti &#8211; taidetta ja pukuhistoriaa 1880-1950<\/strong><\/em>. N\u00e4yttely on avoinna 9.6.2024 saakka. Melartin-seuran puolesta annamme vahvan suosituksen, t\u00e4m\u00e4 n\u00e4yttely on ainutlaatuinen ja kannattaa k\u00e4yd\u00e4 katsomassa.<\/p>\n\n\n\n<figure class=\"wp-block-image size-large is-resized\"><img loading=\"lazy\" decoding=\"async\" width=\"1024\" height=\"542\" src=\"https:\/\/erkkimelartin.fi\/em\/wp-content\/uploads\/2024\/05\/Schjerfbeck-1024x542.jpg\" alt=\"\" class=\"wp-image-1039\" style=\"width:493px;height:auto\" srcset=\"https:\/\/erkkimelartin.fi\/em\/wp-content\/uploads\/2024\/05\/Schjerfbeck-1024x542.jpg 1024w, https:\/\/erkkimelartin.fi\/em\/wp-content\/uploads\/2024\/05\/Schjerfbeck-300x159.jpg 300w, https:\/\/erkkimelartin.fi\/em\/wp-content\/uploads\/2024\/05\/Schjerfbeck-768x406.jpg 768w, https:\/\/erkkimelartin.fi\/em\/wp-content\/uploads\/2024\/05\/Schjerfbeck.jpg 1325w\" sizes=\"auto, (max-width: 1024px) 100vw, 1024px\" \/><\/figure>\n\n\n\n<p>Erkki Melartin ja Helene Schjerfbeck tunsivat toisensa. Melartin hankki taiteilijayst\u00e4v\u00e4ns\u00e4 tauluja ja omisti t\u00e4lle piano-opuksensa 98 kolme ensimm\u00e4ist\u00e4 osaa: <em>Den tysta skogen &#8211; Skymning vid \u00e5n &#8211; I h\u00f6jden<\/em>. S\u00e4velt\u00e4j\u00e4 l\u00e4hetti teosten k\u00e4sikirjoitukset omistuksen kohteelle ja Schjerfbeck kiitti kirjeess\u00e4\u00e4n 24.12.1918 n\u00e4in \u201d<em>S\u00e5 kom Ert musikh\u00e4fte, man jo vill ej tala om \u00e4ran \u2013 jo blir s\u00e5 glad \u00f6ver att n\u00e5gon t\u00e4nkt p\u00e5 mig s\u00e5 v\u00e4nligt.<\/em>\u201d<\/p>\n\n\n\n<p>Itse n\u00e4yttelyss\u00e4 Melartin ei ole l\u00e4sn\u00e4 kuin korkeintaan hengess\u00e4. Onnistuneesti yhdistetyt taulut ja muotivaatteet muistuttavat siit\u00e4, ett\u00e4 Helene Schjerfbeck seurasi kiinnostuneena my\u00f6s muotia. Meit\u00e4 n\u00e4yttelyvieraita ihastutti erityisesti aivan alkuun sijoitettu muodikas kontiaisen nahoista tehty pieni takki.<\/p>\n\n\n\n<figure class=\"wp-block-image size-large is-resized\"><img loading=\"lazy\" decoding=\"async\" width=\"1024\" height=\"706\" src=\"https:\/\/erkkimelartin.fi\/em\/wp-content\/uploads\/2024\/05\/240417-Schjerfbeck-ja-muoti-03-1024x706.jpg\" alt=\"\" class=\"wp-image-1034\" style=\"width:553px;height:auto\" srcset=\"https:\/\/erkkimelartin.fi\/em\/wp-content\/uploads\/2024\/05\/240417-Schjerfbeck-ja-muoti-03-1024x706.jpg 1024w, https:\/\/erkkimelartin.fi\/em\/wp-content\/uploads\/2024\/05\/240417-Schjerfbeck-ja-muoti-03-300x207.jpg 300w, https:\/\/erkkimelartin.fi\/em\/wp-content\/uploads\/2024\/05\/240417-Schjerfbeck-ja-muoti-03-768x529.jpg 768w, https:\/\/erkkimelartin.fi\/em\/wp-content\/uploads\/2024\/05\/240417-Schjerfbeck-ja-muoti-03-1536x1059.jpg 1536w, https:\/\/erkkimelartin.fi\/em\/wp-content\/uploads\/2024\/05\/240417-Schjerfbeck-ja-muoti-03-2048x1412.jpg 2048w\" sizes=\"auto, (max-width: 1024px) 100vw, 1024px\" \/><\/figure>\n\n\n<div class=\"wp-block-image\">\n<figure class=\"alignright size-large is-resized\"><img loading=\"lazy\" decoding=\"async\" width=\"1024\" height=\"637\" src=\"https:\/\/erkkimelartin.fi\/em\/wp-content\/uploads\/2024\/05\/240417-Melartin-seura-Villa-Gyllembergissa-05-1024x637.jpg\" alt=\"\" class=\"wp-image-1033\" style=\"width:546px;height:auto\" srcset=\"https:\/\/erkkimelartin.fi\/em\/wp-content\/uploads\/2024\/05\/240417-Melartin-seura-Villa-Gyllembergissa-05-1024x637.jpg 1024w, https:\/\/erkkimelartin.fi\/em\/wp-content\/uploads\/2024\/05\/240417-Melartin-seura-Villa-Gyllembergissa-05-300x187.jpg 300w, https:\/\/erkkimelartin.fi\/em\/wp-content\/uploads\/2024\/05\/240417-Melartin-seura-Villa-Gyllembergissa-05-768x478.jpg 768w, https:\/\/erkkimelartin.fi\/em\/wp-content\/uploads\/2024\/05\/240417-Melartin-seura-Villa-Gyllembergissa-05-1536x956.jpg 1536w, https:\/\/erkkimelartin.fi\/em\/wp-content\/uploads\/2024\/05\/240417-Melartin-seura-Villa-Gyllembergissa-05-2048x1274.jpg 2048w\" sizes=\"auto, (max-width: 1024px) 100vw, 1024px\" \/><\/figure>\n<\/div>\n\n\n<p>Teksti ja kuvat Heikki Poroila (C) 2024<\/p>\n","protected":false},"excerpt":{"rendered":"<p>Erkki Melartin -seura ry piti s\u00e4\u00e4nt\u00f6m\u00e4\u00e4r\u00e4isen kev\u00e4tkokouksensa t\u00e4n\u00e4 vuonna Helsingin Kuusisaaressa taidemuseo Villa Gyllenbergiss\u00e4. Kokousasioissa ei kauan mennyt, kun todettiin[&#8230;]<\/p>\n","protected":false},"author":1,"featured_media":0,"comment_status":"closed","ping_status":"closed","sticky":false,"template":"","format":"standard","meta":{"footnotes":""},"categories":[1],"tags":[],"class_list":["post-1037","post","type-post","status-publish","format-standard","hentry","category-uncategorized"],"_links":{"self":[{"href":"https:\/\/erkkimelartin.fi\/em\/index.php?rest_route=\/wp\/v2\/posts\/1037","targetHints":{"allow":["GET"]}}],"collection":[{"href":"https:\/\/erkkimelartin.fi\/em\/index.php?rest_route=\/wp\/v2\/posts"}],"about":[{"href":"https:\/\/erkkimelartin.fi\/em\/index.php?rest_route=\/wp\/v2\/types\/post"}],"author":[{"embeddable":true,"href":"https:\/\/erkkimelartin.fi\/em\/index.php?rest_route=\/wp\/v2\/users\/1"}],"replies":[{"embeddable":true,"href":"https:\/\/erkkimelartin.fi\/em\/index.php?rest_route=%2Fwp%2Fv2%2Fcomments&post=1037"}],"version-history":[{"count":3,"href":"https:\/\/erkkimelartin.fi\/em\/index.php?rest_route=\/wp\/v2\/posts\/1037\/revisions"}],"predecessor-version":[{"id":1043,"href":"https:\/\/erkkimelartin.fi\/em\/index.php?rest_route=\/wp\/v2\/posts\/1037\/revisions\/1043"}],"wp:attachment":[{"href":"https:\/\/erkkimelartin.fi\/em\/index.php?rest_route=%2Fwp%2Fv2%2Fmedia&parent=1037"}],"wp:term":[{"taxonomy":"category","embeddable":true,"href":"https:\/\/erkkimelartin.fi\/em\/index.php?rest_route=%2Fwp%2Fv2%2Fcategories&post=1037"},{"taxonomy":"post_tag","embeddable":true,"href":"https:\/\/erkkimelartin.fi\/em\/index.php?rest_route=%2Fwp%2Fv2%2Ftags&post=1037"}],"curies":[{"name":"wp","href":"https:\/\/api.w.org\/{rel}","templated":true}]}}