{"id":1400,"date":"2025-05-08T19:39:29","date_gmt":"2025-05-08T19:39:29","guid":{"rendered":"https:\/\/erkkimelartin.fi\/em\/?p=1400"},"modified":"2025-05-08T19:39:30","modified_gmt":"2025-05-08T19:39:30","slug":"melartin-koskenniemi-18-5-2025-klo-18","status":"publish","type":"post","link":"https:\/\/erkkimelartin.fi\/em\/?p=1400","title":{"rendered":"Melartin &#8211; Koskenniemi 18.5.2025 klo 18"},"content":{"rendered":"\n<p>Kev\u00e4\u00e4n valo, lakeuden \u00e4\u00e4rett\u00f6myys ja kaupungin vaikenevat katot. <strong>V. A. Koskenniemen<\/strong> runot Erkki Melartinin orkesterilauluina viev\u00e4t kuulijan sadan vuoden takaiseen tunnelmaan: nuoren Koskenniemen kokoelma her\u00e4tti heti ilmestytty\u00e4\u00e4n suurta huomiota puhuessaan v\u00e4lit\u00f6nt\u00e4, korutonta syd\u00e4men kielt\u00e4.<br>Melartin kuuli runot jo k\u00e4sikirjoitusvaiheessa vuonna 1906 &#8211; ja lumoutui niist\u00e4. Yksin\u00e4isyys, luonnonlakien v\u00e4ist\u00e4m\u00e4tt\u00f6myys ja kuolemanajatukset synnyttiv\u00e4t vastakaikua s\u00e4velt\u00e4j\u00e4ss\u00e4, jonka el\u00e4m\u00e4\u00e4 sairaudet usein varjostivat.<\/p>\n\n\n\n<p>Laulusarjan s\u00e4velmaailma on omalaatuinen, v\u00e4lill\u00e4 eleet\u00f6n ja puhutteleva, toisinaan kokeellinen, ekspressiivinen ja villi. Kun kuulija sille antautuu, ainutkertaiset ja ihmeelliset runollismusikaaliset n\u00e4k\u00f6alat avautuvat h\u00e4nelle.<br>Melartin 150 -juhlavuoden konsertissa kuullaan Koskenniemi-laulut ensimm\u00e4ist\u00e4 kertaa kokonaisuudessaan orkesterin s\u00e4estyksell\u00e4. Orkesterisovitukset teki viulisti ja kapellimestari <strong>Leo Funtek<\/strong>, Melartin yst\u00e4v\u00e4 ja laulusarjan suuri ihailija.<\/p>\n\n\n\n<p>Koskenniemi-sarjan solisteina toimivat oopperalaulajat <strong>Jaakko Kortekangas<\/strong> ja <strong>Maria Turunen<\/strong>, jotka ovat esitt\u00e4neet runsaasti Melartinin yksinlauluja ja nostaneet ansiokkaasti esiin h\u00e4net lieds\u00e4velt\u00e4j\u00e4n\u00e4. Lis\u00e4ksi mukana ovat <strong>Maija Rautasuo<\/strong>, <strong>Iirisilona Segerstam<\/strong> ja <strong>Samuel Parkkinen<\/strong> sek\u00e4 <strong>Helsinki Metropolitan Orchestra<\/strong> kapellimestarinaan <strong>Sasha M\u00e4kil\u00e4<\/strong>.<\/p>\n\n\n\n<p>Konsertti pidet\u00e4\u00e4n <strong>sunnuntaina 18.5.2025 klo 18 Helsingin konservatorion juhlasalissa<\/strong>. Konsertin kesto on noin 2 tuntia. Liput joko etuk\u00e4teen <a href=\"https:\/\/store.metropolia.fi\/\">store.metropolia.fi<\/a> tai paikan p\u00e4\u00e4lt\u00e4. Normaaliliput 20 \u20ac, el\u00e4kel\u00e4iset, opiskelijat, ty\u00f6tt\u00f6m\u00e4t, ja alle 18-vuotiaat vain 10 \u20ac. <a href=\"https:\/\/www.metropolia.fi\/fi\/metropoliasta\/ajankohtaista\/tapahtumat\/erkki-melartin-ja-leo-funtek-sov-24-laulua-v-a-koskenniemen-sanoihin\">Lis\u00e4tietoja<\/a>.<\/p>\n\n\n\n<figure class=\"wp-block-gallery has-nested-images columns-default is-cropped wp-block-gallery-1 is-layout-flex wp-block-gallery-is-layout-flex\">\n<figure class=\"wp-block-image size-large\"><img loading=\"lazy\" decoding=\"async\" width=\"400\" height=\"600\" data-id=\"1375\" src=\"https:\/\/erkkimelartin.fi\/em\/wp-content\/uploads\/2025\/04\/JaakkoKortekangas_kuvaTimoMokkila-1.jpg\" alt=\"\" class=\"wp-image-1375\" srcset=\"https:\/\/erkkimelartin.fi\/em\/wp-content\/uploads\/2025\/04\/JaakkoKortekangas_kuvaTimoMokkila-1.jpg 400w, https:\/\/erkkimelartin.fi\/em\/wp-content\/uploads\/2025\/04\/JaakkoKortekangas_kuvaTimoMokkila-1-200x300.jpg 200w\" sizes=\"auto, (max-width: 400px) 100vw, 400px\" \/><figcaption class=\"wp-element-caption\">Kuva Timo Mokkola<\/figcaption><\/figure>\n\n\n\n<figure class=\"wp-block-image size-large\"><img loading=\"lazy\" decoding=\"async\" width=\"724\" height=\"1024\" data-id=\"1377\" src=\"https:\/\/erkkimelartin.fi\/em\/wp-content\/uploads\/2025\/02\/Melartin-Funtek-mainos-724x1024.jpg\" alt=\"\" class=\"wp-image-1377\" srcset=\"https:\/\/erkkimelartin.fi\/em\/wp-content\/uploads\/2025\/02\/Melartin-Funtek-mainos-724x1024.jpg 724w, https:\/\/erkkimelartin.fi\/em\/wp-content\/uploads\/2025\/02\/Melartin-Funtek-mainos-212x300.jpg 212w, https:\/\/erkkimelartin.fi\/em\/wp-content\/uploads\/2025\/02\/Melartin-Funtek-mainos-768x1086.jpg 768w, https:\/\/erkkimelartin.fi\/em\/wp-content\/uploads\/2025\/02\/Melartin-Funtek-mainos-1086x1536.jpg 1086w, https:\/\/erkkimelartin.fi\/em\/wp-content\/uploads\/2025\/02\/Melartin-Funtek-mainos-1448x2048.jpg 1448w, https:\/\/erkkimelartin.fi\/em\/wp-content\/uploads\/2025\/02\/Melartin-Funtek-mainos-scaled.jpg 1810w\" sizes=\"auto, (max-width: 724px) 100vw, 724px\" \/><\/figure>\n\n\n\n<figure class=\"wp-block-image size-large\"><img loading=\"lazy\" decoding=\"async\" width=\"479\" height=\"774\" data-id=\"1374\" src=\"https:\/\/erkkimelartin.fi\/em\/wp-content\/uploads\/2025\/04\/koskenniemi-1.jpg\" alt=\"\" class=\"wp-image-1374\" srcset=\"https:\/\/erkkimelartin.fi\/em\/wp-content\/uploads\/2025\/04\/koskenniemi-1.jpg 479w, https:\/\/erkkimelartin.fi\/em\/wp-content\/uploads\/2025\/04\/koskenniemi-1-186x300.jpg 186w\" sizes=\"auto, (max-width: 479px) 100vw, 479px\" \/><\/figure>\n<\/figure>\n","protected":false},"excerpt":{"rendered":"<p>Kev\u00e4\u00e4n valo, lakeuden \u00e4\u00e4rett\u00f6myys ja kaupungin vaikenevat katot. V. A. Koskenniemen runot Erkki Melartinin orkesterilauluina viev\u00e4t kuulijan sadan vuoden takaiseen[&#8230;]<\/p>\n","protected":false},"author":1,"featured_media":0,"comment_status":"closed","ping_status":"closed","sticky":false,"template":"","format":"standard","meta":{"footnotes":""},"categories":[1],"tags":[],"class_list":["post-1400","post","type-post","status-publish","format-standard","hentry","category-uncategorized"],"_links":{"self":[{"href":"https:\/\/erkkimelartin.fi\/em\/index.php?rest_route=\/wp\/v2\/posts\/1400","targetHints":{"allow":["GET"]}}],"collection":[{"href":"https:\/\/erkkimelartin.fi\/em\/index.php?rest_route=\/wp\/v2\/posts"}],"about":[{"href":"https:\/\/erkkimelartin.fi\/em\/index.php?rest_route=\/wp\/v2\/types\/post"}],"author":[{"embeddable":true,"href":"https:\/\/erkkimelartin.fi\/em\/index.php?rest_route=\/wp\/v2\/users\/1"}],"replies":[{"embeddable":true,"href":"https:\/\/erkkimelartin.fi\/em\/index.php?rest_route=%2Fwp%2Fv2%2Fcomments&post=1400"}],"version-history":[{"count":1,"href":"https:\/\/erkkimelartin.fi\/em\/index.php?rest_route=\/wp\/v2\/posts\/1400\/revisions"}],"predecessor-version":[{"id":1401,"href":"https:\/\/erkkimelartin.fi\/em\/index.php?rest_route=\/wp\/v2\/posts\/1400\/revisions\/1401"}],"wp:attachment":[{"href":"https:\/\/erkkimelartin.fi\/em\/index.php?rest_route=%2Fwp%2Fv2%2Fmedia&parent=1400"}],"wp:term":[{"taxonomy":"category","embeddable":true,"href":"https:\/\/erkkimelartin.fi\/em\/index.php?rest_route=%2Fwp%2Fv2%2Fcategories&post=1400"},{"taxonomy":"post_tag","embeddable":true,"href":"https:\/\/erkkimelartin.fi\/em\/index.php?rest_route=%2Fwp%2Fv2%2Ftags&post=1400"}],"curies":[{"name":"wp","href":"https:\/\/api.w.org\/{rel}","templated":true}]}}