{"id":1629,"date":"2025-10-14T19:40:17","date_gmt":"2025-10-14T19:40:17","guid":{"rendered":"https:\/\/erkkimelartin.fi\/em\/?p=1629"},"modified":"2025-10-21T18:58:21","modified_gmt":"2025-10-21T18:58:21","slug":"metsan-polkuja-arabia-kaikuu-pasilan-kirjaston-auditoriossa-ma-20-10-2025-klo-18","status":"publish","type":"post","link":"https:\/\/erkkimelartin.fi\/em\/?p=1629","title":{"rendered":"Mets\u00e4n polkuja \u2013 Arabia kaikuu Pasilan kirjaston auditoriossa ma 20.10.2025"},"content":{"rendered":"\n<p><strong>Arabia kaikuu<\/strong> -liedkollektiivin konsertti <em>Mets\u00e4n polkuja <\/em>oli osa Pasilan kirjaston \u201cErkki Melartin 150\u201d -tapahtumasarjaa. Kollektiivin ammattilaulajat ja -pianistit esittiv\u00e4t s\u00e4velt\u00e4j\u00e4n rakastetuimpia yksinlauluja <em>Mirjamin lauluista<\/em> <em>Leivoon<\/em>. Illan juonsi mezzosopraano, FM <strong>Saara P\u00e4\u00e4kk\u00f6nen<\/strong>. Yleis\u00f6\u00e4 oli paikalla auditorio puolillaan ja aplodit toistuivat kiitollisina.<\/p>\n\n\n\n<p>Pasilan kirjaston puolesta oli auditorioon koottu pienoisn\u00e4yttely kokoelmissa olevista Erkki Melartinin levytyksist\u00e4 ja nuoteista.<\/p>\n\n\n\n<figure class=\"wp-block-gallery has-nested-images columns-default is-cropped wp-block-gallery-1 is-layout-flex wp-block-gallery-is-layout-flex\">\n<figure class=\"wp-block-image size-large\"><img loading=\"lazy\" decoding=\"async\" width=\"480\" height=\"600\" data-id=\"1631\" src=\"https:\/\/erkkimelartin.fi\/em\/wp-content\/uploads\/2025\/10\/251020_Metsan_polkuja_Juliste_Some_Feed_45.jpeg\" alt=\"\" class=\"wp-image-1631\" srcset=\"https:\/\/erkkimelartin.fi\/em\/wp-content\/uploads\/2025\/10\/251020_Metsan_polkuja_Juliste_Some_Feed_45.jpeg 480w, https:\/\/erkkimelartin.fi\/em\/wp-content\/uploads\/2025\/10\/251020_Metsan_polkuja_Juliste_Some_Feed_45-240x300.jpeg 240w\" sizes=\"auto, (max-width: 480px) 100vw, 480px\" \/><\/figure>\n<\/figure>\n","protected":false},"excerpt":{"rendered":"<p>Arabia kaikuu -liedkollektiivin konsertti Mets\u00e4n polkuja oli osa Pasilan kirjaston \u201cErkki Melartin 150\u201d -tapahtumasarjaa. Kollektiivin ammattilaulajat ja -pianistit esittiv\u00e4t s\u00e4velt\u00e4j\u00e4n[&#8230;]<\/p>\n","protected":false},"author":1,"featured_media":0,"comment_status":"closed","ping_status":"closed","sticky":false,"template":"","format":"standard","meta":{"footnotes":""},"categories":[1],"tags":[],"class_list":["post-1629","post","type-post","status-publish","format-standard","hentry","category-uncategorized"],"_links":{"self":[{"href":"https:\/\/erkkimelartin.fi\/em\/index.php?rest_route=\/wp\/v2\/posts\/1629","targetHints":{"allow":["GET"]}}],"collection":[{"href":"https:\/\/erkkimelartin.fi\/em\/index.php?rest_route=\/wp\/v2\/posts"}],"about":[{"href":"https:\/\/erkkimelartin.fi\/em\/index.php?rest_route=\/wp\/v2\/types\/post"}],"author":[{"embeddable":true,"href":"https:\/\/erkkimelartin.fi\/em\/index.php?rest_route=\/wp\/v2\/users\/1"}],"replies":[{"embeddable":true,"href":"https:\/\/erkkimelartin.fi\/em\/index.php?rest_route=%2Fwp%2Fv2%2Fcomments&post=1629"}],"version-history":[{"count":3,"href":"https:\/\/erkkimelartin.fi\/em\/index.php?rest_route=\/wp\/v2\/posts\/1629\/revisions"}],"predecessor-version":[{"id":1644,"href":"https:\/\/erkkimelartin.fi\/em\/index.php?rest_route=\/wp\/v2\/posts\/1629\/revisions\/1644"}],"wp:attachment":[{"href":"https:\/\/erkkimelartin.fi\/em\/index.php?rest_route=%2Fwp%2Fv2%2Fmedia&parent=1629"}],"wp:term":[{"taxonomy":"category","embeddable":true,"href":"https:\/\/erkkimelartin.fi\/em\/index.php?rest_route=%2Fwp%2Fv2%2Fcategories&post=1629"},{"taxonomy":"post_tag","embeddable":true,"href":"https:\/\/erkkimelartin.fi\/em\/index.php?rest_route=%2Fwp%2Fv2%2Ftags&post=1629"}],"curies":[{"name":"wp","href":"https:\/\/api.w.org\/{rel}","templated":true}]}}