{"id":1748,"date":"2026-02-01T16:43:45","date_gmt":"2026-02-01T16:43:45","guid":{"rendered":"https:\/\/erkkimelartin.fi\/em\/?p=1748"},"modified":"2026-02-01T16:46:42","modified_gmt":"2026-02-01T16:46:42","slug":"soittorasia-konsertti-vakuutti-musiikkiopistotyon-tarkeydesta","status":"publish","type":"post","link":"https:\/\/erkkimelartin.fi\/em\/?p=1748","title":{"rendered":"Soittorasia-konsertti vakuutti musiikkiopistoty\u00f6n t\u00e4rkeydest\u00e4"},"content":{"rendered":"\n<p>Porvoonseudun musiikkiopisto esitt\u00e4ytyi maalis- ja huhtikuussa 2025 Melartin150-juhlavuoden merkitt\u00e4v\u00e4n\u00e4 yhteisty\u00f6kumppanina. Kyse oli hankkeesta, jossa opiston opettajat pianosoitonopettaja, MuT <strong>Eveliina Sumelius-Lindblomin<\/strong> johdolla olivat valinneet oppilailleen juhlavuoden s\u00e4velt\u00e4j\u00e4n tuotannosta sopivan haasteellisia, mutta samalla mielikuvitukseen vetoavia teoksia harjoiteltavaksi ja esitett\u00e4v\u00e4ksi. Paitsi osana soittotunteja, teoksia treenattiin opettajien kanssa my\u00f6s viikonloppuleireill\u00e4.<\/p>\n\n\n\n<p>Porvoon kerrassaan onnistunut Melartin150-projekti huipentui lauantaina 12. huhtikuuta <em>Soittorasia<\/em> (Speldosa) -nimiseen konserttiin <a href=\"https:\/\/www.albertedelfeltinateljee.fi\/\">Villa Albertissa<\/a>. Se on <strong>Albert Edelfeltin<\/strong> ateljeen pihapiiriin vuonna 2019 valmistunut rakennus, johon on sijoitettu vaihtuvien n\u00e4yttelyiden n\u00e4yttelytila ja museomyym\u00e4l\u00e4. Sen suuri sali oli mit\u00e4 tunnelmallisin milj\u00f6\u00f6 konserttia varten ja se olikin lauantaina aivan t\u00e4ynn\u00e4 yleis\u00f6\u00e4.<\/p>\n\n\n\n<p>Konsertti oli merkitt\u00e4v\u00e4 kahdellakin tapaa. Ensinn\u00e4kin se oli suunniteltu niin taitavasti, ett\u00e4 Melartinin musiikki p\u00e4\u00e4si loistamaan nuorten esityksiss\u00e4 mit\u00e4 monipuolisimmin. Ohjelmassa oli pianoteoksia, duoja&nbsp;(viululle ja pianolle, sellolle ja pianolle, huilulle ja piano), pianotrio sek\u00e4 muutamia yksinlauluja, ja jokainen soittaja tuntui l\u00f6yt\u00e4neen juuri itse\u00e4\u00e4n puhuttelevan teoksen. Melartin todella ymm\u00e4rsi lasten ja nuorten maailmaa. H\u00e4n s\u00e4velsi teoksia, joissa oli runsain mitoin inspiroivaa tunnelmaa tai otsikon luomia j\u00e4nnitt\u00e4vi\u00e4 tulkintamahdollisuuksia.<\/p>\n\n\n\n<p>Toinen mieleenpainuva tunne Soittorasia-konsertista oli se, kuinka t\u00e4rke\u00e4t\u00e4 ty\u00f6t\u00e4 musiikkiopistoissa tehd\u00e4\u00e4n. Emme aina muista, ett\u00e4 v\u00e4hemm\u00e4n n\u00e4kyv\u00e4, mutta johdonmukaisesti etenev\u00e4 pedagoginen ty\u00f6 lasten parissa sek\u00e4 oppilaisiinsa sitoutuneiden taiteilija-opettajien persoonallinen s\u00e4teilyvoima ovat koko perusta sek\u00e4 uusien muusikkosukupolvien ett\u00e4 konserttiyleis\u00f6n kasvattamisessa. T\u00e4m\u00e4 n\u00e4kyi konsertin hyvin korkeatasoisissa esityksiss\u00e4 kautta linjan, mutta my\u00f6s siin\u00e4 syd\u00e4mellisess\u00e4 ja kannustavassa tavassa, jolla konsertin juontaja Eveliina Sumelius-Lindblom esitteli soittajat tai kommentoi heid\u00e4n esityst\u00e4\u00e4n, vaikkapa intiimin tunnelmakuvan <em>Mets\u00e4ruusu<\/em> kohdalla.<\/p>\n\n\n\n<p>Konsertin soiva kesto oli yli 70 minuuttia, mutta tilaisuus kesti kauemmin, eik\u00e4 pelk\u00e4st\u00e4\u00e4n innostuneiden aplodien vuoksi. Tilaisuutta el\u00e4v\u00f6itti my\u00f6s dialoginen tapa juontaa konsertti ja kertoa s\u00e4velt\u00e4j\u00e4st\u00e4 lis\u00e4\u00e4 yleis\u00f6lle, joka ei v\u00e4ltt\u00e4m\u00e4tt\u00e4 osannut etuk\u00e4teen asettaa Melartinia mihink\u00e4\u00e4n kontekstiin musiikinhistoriassamme. Eveliina Sumelius-Lindblom oli kutsunut seuran puheenjohtaja <strong>Tuire Ranta-Meyerin<\/strong> keskustelemaan ja vastaamaan juhlavuoden s\u00e4velt\u00e4j\u00e4\u00e4 koskeviin kysymyksiin.<\/p>\n\n\n\n<p>Porvoonseudun musiikkiopistoa voi onnitella erinomaisesta ty\u00f6st\u00e4 ja Melartin150-juhlavuoden huippuhetkiin lukeutuvasta tapahtumasta!<\/p>\n\n\n\n<p>Teksti Tuire Ranta-Meyer Kuvat Pekko Lindblom<\/p>\n\n\n\n<figure class=\"wp-block-gallery has-nested-images columns-default is-cropped wp-block-gallery-1 is-layout-flex wp-block-gallery-is-layout-flex\">\n<figure class=\"wp-block-image size-large\"><img loading=\"lazy\" decoding=\"async\" width=\"1024\" height=\"818\" data-id=\"1747\" src=\"https:\/\/erkkimelartin.fi\/em\/wp-content\/uploads\/2026\/02\/Soittorasia-3-Kuva-Pekko-Lindblom-1024x818.jpg\" alt=\"\" class=\"wp-image-1747\" srcset=\"https:\/\/erkkimelartin.fi\/em\/wp-content\/uploads\/2026\/02\/Soittorasia-3-Kuva-Pekko-Lindblom-1024x818.jpg 1024w, https:\/\/erkkimelartin.fi\/em\/wp-content\/uploads\/2026\/02\/Soittorasia-3-Kuva-Pekko-Lindblom-300x240.jpg 300w, https:\/\/erkkimelartin.fi\/em\/wp-content\/uploads\/2026\/02\/Soittorasia-3-Kuva-Pekko-Lindblom-768x613.jpg 768w, https:\/\/erkkimelartin.fi\/em\/wp-content\/uploads\/2026\/02\/Soittorasia-3-Kuva-Pekko-Lindblom-1536x1226.jpg 1536w, https:\/\/erkkimelartin.fi\/em\/wp-content\/uploads\/2026\/02\/Soittorasia-3-Kuva-Pekko-Lindblom-2048x1635.jpg 2048w\" sizes=\"auto, (max-width: 1024px) 100vw, 1024px\" \/><figcaption class=\"wp-element-caption\">Viulu-piano -duo: Ilona Hiidensalo (vl) &amp; Eveliina Sumelius-Lindblom (pf)<\/figcaption><\/figure>\n\n\n\n<figure class=\"wp-block-image size-large\"><img loading=\"lazy\" decoding=\"async\" width=\"915\" height=\"1024\" data-id=\"1746\" src=\"https:\/\/erkkimelartin.fi\/em\/wp-content\/uploads\/2026\/02\/Soittorasia-2-Kuva-Pekko-Lindblom-915x1024.jpg\" alt=\"\" class=\"wp-image-1746\" srcset=\"https:\/\/erkkimelartin.fi\/em\/wp-content\/uploads\/2026\/02\/Soittorasia-2-Kuva-Pekko-Lindblom-915x1024.jpg 915w, https:\/\/erkkimelartin.fi\/em\/wp-content\/uploads\/2026\/02\/Soittorasia-2-Kuva-Pekko-Lindblom-268x300.jpg 268w, https:\/\/erkkimelartin.fi\/em\/wp-content\/uploads\/2026\/02\/Soittorasia-2-Kuva-Pekko-Lindblom-768x860.jpg 768w, https:\/\/erkkimelartin.fi\/em\/wp-content\/uploads\/2026\/02\/Soittorasia-2-Kuva-Pekko-Lindblom-1372x1536.jpg 1372w, https:\/\/erkkimelartin.fi\/em\/wp-content\/uploads\/2026\/02\/Soittorasia-2-Kuva-Pekko-Lindblom-1829x2048.jpg 1829w\" sizes=\"auto, (max-width: 915px) 100vw, 915px\" \/><figcaption class=\"wp-element-caption\">Sello-piano -duo:\u00a0Ida Ljung (vlc)\u00a0&amp; Iida Kivilahti (pf) &#8211;\u00a0Menuetto 121, no. 2<\/figcaption><\/figure>\n\n\n\n<figure class=\"wp-block-image size-large\"><img loading=\"lazy\" decoding=\"async\" width=\"1024\" height=\"744\" data-id=\"1745\" src=\"https:\/\/erkkimelartin.fi\/em\/wp-content\/uploads\/2026\/02\/Soittorasia-1-Kuva-Pekko-Lindblom-1024x744.jpg\" alt=\"\" class=\"wp-image-1745\" srcset=\"https:\/\/erkkimelartin.fi\/em\/wp-content\/uploads\/2026\/02\/Soittorasia-1-Kuva-Pekko-Lindblom-1024x744.jpg 1024w, https:\/\/erkkimelartin.fi\/em\/wp-content\/uploads\/2026\/02\/Soittorasia-1-Kuva-Pekko-Lindblom-300x218.jpg 300w, https:\/\/erkkimelartin.fi\/em\/wp-content\/uploads\/2026\/02\/Soittorasia-1-Kuva-Pekko-Lindblom-768x558.jpg 768w, https:\/\/erkkimelartin.fi\/em\/wp-content\/uploads\/2026\/02\/Soittorasia-1-Kuva-Pekko-Lindblom-1536x1116.jpg 1536w, https:\/\/erkkimelartin.fi\/em\/wp-content\/uploads\/2026\/02\/Soittorasia-1-Kuva-Pekko-Lindblom-2048x1488.jpg 2048w\" sizes=\"auto, (max-width: 1024px) 100vw, 1024px\" \/><figcaption class=\"wp-element-caption\">Juontaja Eveliina Sumelius-Lindblom keskustelemassa Melartinista seuran puheenjohtajan kanssa<\/figcaption><\/figure>\n<\/figure>\n\n\n\n<p><\/p>\n","protected":false},"excerpt":{"rendered":"<p>Porvoonseudun musiikkiopisto esitt\u00e4ytyi maalis- ja huhtikuussa 2025 Melartin150-juhlavuoden merkitt\u00e4v\u00e4n\u00e4 yhteisty\u00f6kumppanina. Kyse oli hankkeesta, jossa opiston opettajat pianosoitonopettaja, MuT Eveliina Sumelius-Lindblomin[&#8230;]<\/p>\n","protected":false},"author":1,"featured_media":0,"comment_status":"closed","ping_status":"closed","sticky":false,"template":"","format":"standard","meta":{"footnotes":""},"categories":[1],"tags":[],"class_list":["post-1748","post","type-post","status-publish","format-standard","hentry","category-uncategorized"],"_links":{"self":[{"href":"https:\/\/erkkimelartin.fi\/em\/index.php?rest_route=\/wp\/v2\/posts\/1748","targetHints":{"allow":["GET"]}}],"collection":[{"href":"https:\/\/erkkimelartin.fi\/em\/index.php?rest_route=\/wp\/v2\/posts"}],"about":[{"href":"https:\/\/erkkimelartin.fi\/em\/index.php?rest_route=\/wp\/v2\/types\/post"}],"author":[{"embeddable":true,"href":"https:\/\/erkkimelartin.fi\/em\/index.php?rest_route=\/wp\/v2\/users\/1"}],"replies":[{"embeddable":true,"href":"https:\/\/erkkimelartin.fi\/em\/index.php?rest_route=%2Fwp%2Fv2%2Fcomments&post=1748"}],"version-history":[{"count":2,"href":"https:\/\/erkkimelartin.fi\/em\/index.php?rest_route=\/wp\/v2\/posts\/1748\/revisions"}],"predecessor-version":[{"id":1750,"href":"https:\/\/erkkimelartin.fi\/em\/index.php?rest_route=\/wp\/v2\/posts\/1748\/revisions\/1750"}],"wp:attachment":[{"href":"https:\/\/erkkimelartin.fi\/em\/index.php?rest_route=%2Fwp%2Fv2%2Fmedia&parent=1748"}],"wp:term":[{"taxonomy":"category","embeddable":true,"href":"https:\/\/erkkimelartin.fi\/em\/index.php?rest_route=%2Fwp%2Fv2%2Fcategories&post=1748"},{"taxonomy":"post_tag","embeddable":true,"href":"https:\/\/erkkimelartin.fi\/em\/index.php?rest_route=%2Fwp%2Fv2%2Ftags&post=1748"}],"curies":[{"name":"wp","href":"https:\/\/api.w.org\/{rel}","templated":true}]}}