{"id":1769,"date":"2026-03-08T12:50:11","date_gmt":"2026-03-08T12:50:11","guid":{"rendered":"https:\/\/erkkimelartin.fi\/em\/?p=1769"},"modified":"2026-03-09T22:34:42","modified_gmt":"2026-03-09T22:34:42","slug":"luukas-hiltusen-savellyskonsertti-6-3-2026","status":"publish","type":"post","link":"https:\/\/erkkimelartin.fi\/em\/?p=1769","title":{"rendered":"Luukas Hiltusen s\u00e4vellyskonsertti 6.3.2026"},"content":{"rendered":"\n<p>S\u00e4velt\u00e4j\u00e4 <strong>Luukas Hiltusen<\/strong> Kalevala-teemainen s\u00e4vellyskonsertti <em>Kalevala soi &#8211; The Kalevala resounds<\/em> Lauttasaaren kirkossa pe 6.3.2026 oli hieno tilaisuus kuulla sek\u00e4 Erkki Melartinia ett\u00e4 Hiltusta. Ohjelmassa oli ensin kaksi Hiltusen sovitusta <strong>Erkki Melartinin<\/strong> oopperasta <em>Aino<\/em> (Ainon aaria koivulle ja V\u00e4in\u00f6n soitto) pianotriolle sek\u00e4 <em>Marjatta<\/em> viululle, alttoviululle, pianolle ja kanteleelle (kantele vain viimeisess\u00e4 osassa viulun ja alttoviulun kanssa). Kaikki teokset kuultiin maailman kantaesityksin\u00e4. Teosten esitt\u00e4jin\u00e4 olivat viulutaiteilija <strong>Emi Otogao<\/strong> (Japani), alttoviulutaiteilija <strong>Gregor Hrabar<\/strong> (Slovenia, Saksa), pianotaiteilija <strong>Marie-Ther\u00e9s\u00e8 Zahnlecker<\/strong> (Saksa) sek\u00e4 helsinkil\u00e4inen kanteletaiteilija <strong>Iida-Maria Kuronen<\/strong>.<\/p>\n\n\n\n<p>S\u00e4velt\u00e4j\u00e4 on my\u00f6s kirjoittanut teoksestaan <em>Marjatta<\/em> esittelyn, joka on julkaistu Kalevalaseuran <a href=\"https:\/\/kalevalaseura.fi\/artikkeli\/marjatta-trio-viululle-alttoviululle-ja-pianolle-seka-kanteleelle-2025\/\"><strong>verkkosivuilla<\/strong><\/a>. Sen avulla teoksen jo kuulleet voivat tutustua siihen toisesta n\u00e4k\u00f6kulmasta. Mainittakoon, ett\u00e4 Kalevalaseura-s\u00e4\u00e4ti\u00f6n apuraha mahdollisti teoksen kantaesityksen.<\/p>\n\n\n\n<figure class=\"wp-block-gallery has-nested-images columns-default is-cropped wp-block-gallery-1 is-layout-flex wp-block-gallery-is-layout-flex\">\n<figure class=\"wp-block-image size-large\"><img loading=\"lazy\" decoding=\"async\" width=\"1024\" height=\"725\" data-id=\"1771\" src=\"https:\/\/erkkimelartin.fi\/em\/wp-content\/uploads\/2026\/03\/Luukas-Hiltunen-02-1024x725.jpg\" alt=\"\" class=\"wp-image-1771\" srcset=\"https:\/\/erkkimelartin.fi\/em\/wp-content\/uploads\/2026\/03\/Luukas-Hiltunen-02-1024x725.jpg 1024w, https:\/\/erkkimelartin.fi\/em\/wp-content\/uploads\/2026\/03\/Luukas-Hiltunen-02-300x212.jpg 300w, https:\/\/erkkimelartin.fi\/em\/wp-content\/uploads\/2026\/03\/Luukas-Hiltunen-02-768x544.jpg 768w, https:\/\/erkkimelartin.fi\/em\/wp-content\/uploads\/2026\/03\/Luukas-Hiltunen-02-1536x1088.jpg 1536w, https:\/\/erkkimelartin.fi\/em\/wp-content\/uploads\/2026\/03\/Luukas-Hiltunen-02-2048x1450.jpg 2048w\" sizes=\"auto, (max-width: 1024px) 100vw, 1024px\" \/><\/figure>\n\n\n\n<figure class=\"wp-block-image size-large\"><img loading=\"lazy\" decoding=\"async\" width=\"1024\" height=\"791\" data-id=\"1768\" src=\"https:\/\/erkkimelartin.fi\/em\/wp-content\/uploads\/2026\/03\/Luukas-Hiltunen-01-1024x791.jpg\" alt=\"\" class=\"wp-image-1768\" srcset=\"https:\/\/erkkimelartin.fi\/em\/wp-content\/uploads\/2026\/03\/Luukas-Hiltunen-01-1024x791.jpg 1024w, https:\/\/erkkimelartin.fi\/em\/wp-content\/uploads\/2026\/03\/Luukas-Hiltunen-01-300x232.jpg 300w, https:\/\/erkkimelartin.fi\/em\/wp-content\/uploads\/2026\/03\/Luukas-Hiltunen-01-768x594.jpg 768w, https:\/\/erkkimelartin.fi\/em\/wp-content\/uploads\/2026\/03\/Luukas-Hiltunen-01-1536x1187.jpg 1536w, https:\/\/erkkimelartin.fi\/em\/wp-content\/uploads\/2026\/03\/Luukas-Hiltunen-01-2048x1583.jpg 2048w\" sizes=\"auto, (max-width: 1024px) 100vw, 1024px\" \/><\/figure>\n<\/figure>\n\n\n\n<p>Teksti ja kuvat Heikki Poroila<\/p>\n","protected":false},"excerpt":{"rendered":"<p>S\u00e4velt\u00e4j\u00e4 Luukas Hiltusen Kalevala-teemainen s\u00e4vellyskonsertti Kalevala soi &#8211; The Kalevala resounds Lauttasaaren kirkossa pe 6.3.2026 oli hieno tilaisuus kuulla sek\u00e4[&#8230;]<\/p>\n","protected":false},"author":1,"featured_media":0,"comment_status":"closed","ping_status":"closed","sticky":false,"template":"","format":"standard","meta":{"footnotes":""},"categories":[1],"tags":[],"class_list":["post-1769","post","type-post","status-publish","format-standard","hentry","category-uncategorized"],"_links":{"self":[{"href":"https:\/\/erkkimelartin.fi\/em\/index.php?rest_route=\/wp\/v2\/posts\/1769","targetHints":{"allow":["GET"]}}],"collection":[{"href":"https:\/\/erkkimelartin.fi\/em\/index.php?rest_route=\/wp\/v2\/posts"}],"about":[{"href":"https:\/\/erkkimelartin.fi\/em\/index.php?rest_route=\/wp\/v2\/types\/post"}],"author":[{"embeddable":true,"href":"https:\/\/erkkimelartin.fi\/em\/index.php?rest_route=\/wp\/v2\/users\/1"}],"replies":[{"embeddable":true,"href":"https:\/\/erkkimelartin.fi\/em\/index.php?rest_route=%2Fwp%2Fv2%2Fcomments&post=1769"}],"version-history":[{"count":6,"href":"https:\/\/erkkimelartin.fi\/em\/index.php?rest_route=\/wp\/v2\/posts\/1769\/revisions"}],"predecessor-version":[{"id":1779,"href":"https:\/\/erkkimelartin.fi\/em\/index.php?rest_route=\/wp\/v2\/posts\/1769\/revisions\/1779"}],"wp:attachment":[{"href":"https:\/\/erkkimelartin.fi\/em\/index.php?rest_route=%2Fwp%2Fv2%2Fmedia&parent=1769"}],"wp:term":[{"taxonomy":"category","embeddable":true,"href":"https:\/\/erkkimelartin.fi\/em\/index.php?rest_route=%2Fwp%2Fv2%2Fcategories&post=1769"},{"taxonomy":"post_tag","embeddable":true,"href":"https:\/\/erkkimelartin.fi\/em\/index.php?rest_route=%2Fwp%2Fv2%2Ftags&post=1769"}],"curies":[{"name":"wp","href":"https:\/\/api.w.org\/{rel}","templated":true}]}}