{"id":1781,"date":"2026-03-18T11:12:47","date_gmt":"2026-03-18T11:12:47","guid":{"rendered":"https:\/\/erkkimelartin.fi\/em\/?p=1781"},"modified":"2026-03-18T11:12:48","modified_gmt":"2026-03-18T11:12:48","slug":"valoisia-kuvia-mukana-melartin-9-5-2026","status":"publish","type":"post","link":"https:\/\/erkkimelartin.fi\/em\/?p=1781","title":{"rendered":"Valoisia kuvia &#8211; mukana Melartin 9.5.2026"},"content":{"rendered":"\n<p>Musiikkitalon Paavo-salissa lauantaina 9.5.2026 klo 18 <strong>KIC\/K Ensemble<\/strong> suomalaisen nykymusiikki kohtaa Erkki Melartinin musiikin. Esiintyjin\u00e4 pianisti <strong>Maija Parko<\/strong>, sopraanot <strong>Mari Palo<\/strong> &amp; <strong>Kaisa Ranta<\/strong> sek\u00e4 viulisti <strong>Annemarie \u00c5str\u00f6m<\/strong>. Konsertti j\u00e4rjestet\u00e4\u00e4n Musiikkitalon s\u00e4\u00e4ti\u00f6n ja Wihurin rahaston tuella.\u00a0<\/p>\n\n\n\n<p>Konsertin ohjelmassa <strong>Minna Leinonen<\/strong> (s. 1977): <em>Vesileima,<\/em> melodraama (2015) Perustuu Juhani Ahon teokseen \u201cYksin\u201d \/ Kaisa Ranta ja Maija Parko. &#8211; <strong>Erkki Melartin<\/strong> (1875\u20131937): <em>Yksin\u00e4isyys<\/em> Op. 52 \/ Maija Parko. &#8211; <strong>Elfrida Andr\u00e9e<\/strong> (1841\u20131929): <em>Svanen<\/em> \/ Kaisa Ranta, Maija Parko &amp; Annemarie \u00c5str\u00f6m. &#8211; <strong>Minna Leinonen<\/strong>: <em>Endangered<\/em> (2022) \/ Annemarie \u00c5str\u00f6m &amp; Maija Parko. &#8211; <strong>Kaija Saariaho<\/strong> (1952\u20132023): <em>Nocturne<\/em> (1994) \/ Annemarie \u00c5str\u00f6m. &#8211; <strong>Erkki Melartin<\/strong>: <em>Nocturne<\/em> Op. 64\/1 \/ Annemarie \u00c5str\u00f6m ja Maija Parko. &#8211; <strong>Kaija Saariaho<\/strong>: <em>Changing Light<\/em> (2002) \/ Mari Palo ja Annemarie \u00c5str\u00f6m. <strong>Lotta Wenn\u00e4koski<\/strong> (s. 1970): <em>Valo joka<\/em> (2016) \/ Kaisa Ranta ja Annemarie \u00c5str\u00f6m. <strong>Erkki Melartin<\/strong> (1875\u20131937): Tagore-laulut, op. 105 \/ Mari Palo, Annemarie \u00c5str\u00f6m ja Maija Parko.<\/p>\n\n\n\n<p>Lis\u00e4tietoja <a href=\"https:\/\/musiikkitalo.fi\/konsertit-ja-tapahtumat\/kic-k-ensemble-valoisia-kuvia-9-5-2026\" target=\"_blank\" rel=\"noreferrer noopener\">https:\/\/musiikkitalo.fi\/konsertit-ja-tapahtumat\/kic-k-ensemble-valoisia-kuvia-9-5-2026<\/a><\/p>\n\n\n\n<figure class=\"wp-block-image size-large\"><img loading=\"lazy\" decoding=\"async\" width=\"1024\" height=\"683\" src=\"https:\/\/erkkimelartin.fi\/em\/wp-content\/uploads\/2026\/03\/Valoisia-kuvia-1024x683.jpg\" alt=\"\" class=\"wp-image-1780\" srcset=\"https:\/\/erkkimelartin.fi\/em\/wp-content\/uploads\/2026\/03\/Valoisia-kuvia-1024x683.jpg 1024w, https:\/\/erkkimelartin.fi\/em\/wp-content\/uploads\/2026\/03\/Valoisia-kuvia-300x200.jpg 300w, https:\/\/erkkimelartin.fi\/em\/wp-content\/uploads\/2026\/03\/Valoisia-kuvia-768x512.jpg 768w, https:\/\/erkkimelartin.fi\/em\/wp-content\/uploads\/2026\/03\/Valoisia-kuvia-1536x1025.jpg 1536w, https:\/\/erkkimelartin.fi\/em\/wp-content\/uploads\/2026\/03\/Valoisia-kuvia-2048x1366.jpg 2048w, https:\/\/erkkimelartin.fi\/em\/wp-content\/uploads\/2026\/03\/Valoisia-kuvia-840x560.jpg 840w, https:\/\/erkkimelartin.fi\/em\/wp-content\/uploads\/2026\/03\/Valoisia-kuvia-120x80.jpg 120w, https:\/\/erkkimelartin.fi\/em\/wp-content\/uploads\/2026\/03\/Valoisia-kuvia-360x240.jpg 360w, https:\/\/erkkimelartin.fi\/em\/wp-content\/uploads\/2026\/03\/Valoisia-kuvia-600x400.jpg 600w\" sizes=\"auto, (max-width: 1024px) 100vw, 1024px\" \/><\/figure>\n","protected":false},"excerpt":{"rendered":"<p>Musiikkitalon Paavo-salissa lauantaina 9.5.2026 klo 18 KIC\/K Ensemble suomalaisen nykymusiikki kohtaa Erkki Melartinin musiikin. Esiintyjin\u00e4 pianisti Maija Parko, sopraanot Mari[&#8230;]<\/p>\n","protected":false},"author":1,"featured_media":0,"comment_status":"closed","ping_status":"closed","sticky":false,"template":"","format":"standard","meta":{"footnotes":""},"categories":[1],"tags":[],"class_list":["post-1781","post","type-post","status-publish","format-standard","hentry","category-uncategorized"],"_links":{"self":[{"href":"https:\/\/erkkimelartin.fi\/em\/index.php?rest_route=\/wp\/v2\/posts\/1781","targetHints":{"allow":["GET"]}}],"collection":[{"href":"https:\/\/erkkimelartin.fi\/em\/index.php?rest_route=\/wp\/v2\/posts"}],"about":[{"href":"https:\/\/erkkimelartin.fi\/em\/index.php?rest_route=\/wp\/v2\/types\/post"}],"author":[{"embeddable":true,"href":"https:\/\/erkkimelartin.fi\/em\/index.php?rest_route=\/wp\/v2\/users\/1"}],"replies":[{"embeddable":true,"href":"https:\/\/erkkimelartin.fi\/em\/index.php?rest_route=%2Fwp%2Fv2%2Fcomments&post=1781"}],"version-history":[{"count":1,"href":"https:\/\/erkkimelartin.fi\/em\/index.php?rest_route=\/wp\/v2\/posts\/1781\/revisions"}],"predecessor-version":[{"id":1782,"href":"https:\/\/erkkimelartin.fi\/em\/index.php?rest_route=\/wp\/v2\/posts\/1781\/revisions\/1782"}],"wp:attachment":[{"href":"https:\/\/erkkimelartin.fi\/em\/index.php?rest_route=%2Fwp%2Fv2%2Fmedia&parent=1781"}],"wp:term":[{"taxonomy":"category","embeddable":true,"href":"https:\/\/erkkimelartin.fi\/em\/index.php?rest_route=%2Fwp%2Fv2%2Fcategories&post=1781"},{"taxonomy":"post_tag","embeddable":true,"href":"https:\/\/erkkimelartin.fi\/em\/index.php?rest_route=%2Fwp%2Fv2%2Ftags&post=1781"}],"curies":[{"name":"wp","href":"https:\/\/api.w.org\/{rel}","templated":true}]}}