{"id":402,"date":"2017-12-05T21:49:17","date_gmt":"2017-12-05T21:49:17","guid":{"rendered":"https:\/\/erkkimelartin.fi\/em\/?p=402"},"modified":"2018-02-08T15:13:07","modified_gmt":"2018-02-08T15:13:07","slug":"helsingin-konservatoriossa-tehtiin-melartin-historiaa","status":"publish","type":"post","link":"https:\/\/erkkimelartin.fi\/em\/?p=402","title":{"rendered":"Helsingin konservatoriossa tehtiin Melartin-historiaa"},"content":{"rendered":"<p><strong>Suomalaisen musiikin juhlaa -festivaali <\/strong>17.11.2017 Helsingin konservatorion konserttisalissa oli my\u00f6s <strong>Erkki Melartinin<\/strong> el\u00e4m\u00e4nty\u00f6n juhlaa. <strong>Tuomas Rousin<\/strong> johtaman Helsinki Concordian konsertissa esitettiin nimikkos\u00e4velt\u00e4j\u00e4mme 2. sinfonia (e-molli) ensimm\u00e4ist\u00e4 kertaa 112 vuoteen. T\u00e4m\u00e4n teoksen kantaesitys oli 1. p\u00e4iv\u00e4n\u00e4 helmikuuta 1905 yliopiston juhlasalissa. Menestyksekk\u00e4\u00e4n konsertin j\u00e4lkeen teosta ei kuitenkaan ole esitetty kertaakaan ennen Rousin ja Helsinki Concordian kulttuuritekoa.<\/p>\n<p>&nbsp;<\/p>\n<p><img loading=\"lazy\" decoding=\"async\" class=\"size-medium wp-image-405 alignleft\" src=\"https:\/\/erkkimelartin.fi\/em\/wp-content\/uploads\/2017\/12\/Ruoholahti-1-300x168.jpg\" alt=\"\" width=\"300\" height=\"168\" srcset=\"https:\/\/erkkimelartin.fi\/em\/wp-content\/uploads\/2017\/12\/Ruoholahti-1-300x168.jpg 300w, https:\/\/erkkimelartin.fi\/em\/wp-content\/uploads\/2017\/12\/Ruoholahti-1-768x430.jpg 768w, https:\/\/erkkimelartin.fi\/em\/wp-content\/uploads\/2017\/12\/Ruoholahti-1.jpg 860w\" sizes=\"auto, (max-width: 300px) 100vw, 300px\" \/><\/p>\n<p>Suomi100-vuoden kunniaksi j\u00e4rjestetyn konsertin nimen\u00e4 oli \u201dItsen\u00e4isyyden alkul\u00e4hteill\u00e4\u201d. Melartinin teoksen kohdalla otsikko oli enemm\u00e4n kuin osuva. Se oli syntynyt routavuosien ilmapiiriss\u00e4, jolloin maamme kohtalo oli veitsen ter\u00e4ll\u00e4. Hufvudstadsbladetin musiikkikriitikko <strong>Alarik Uggla <\/strong>n\u00e4kikin sinfoniassa \u201ds\u00e4velellisen ilmaisun niille tunteille ja tunnelmille, jotka kyseisen\u00e4 aikana liikkuivat jokaisen kansalaisen mieliss\u00e4\u201d. H\u00e4nen mukaansa s\u00e4velt\u00e4j\u00e4 kuljetti s\u00e4velmassoja varmoin k\u00e4sin taistelujen, koettelemusten ja piinan kautta valkenevaan aamun sarastukseen\u201d.<\/p>\n<p>Mielenkiintoiseksi ja antoisaksi teokseksi, \u201davaruusseikkailuksi\u201d tai \u201dt\u00e4htien sodaksi\u201d teosta kuvasi orkesterin konserttimestari <strong>Klaara Pyrh\u00f6nen <\/strong>nyt marraskuussa 2017, kun konkreettinen yhteys ajankohdan uhkaavaan tilanteeseen on kauan sitten unohtunut, mutta taistelun kuohunta on edelleen aistittavissa. Kapellimestari Tuomas Rousi piti teosta todella kiinnostavana ja halusi muutenkin esitt\u00e4\u00e4 Melartinin orkesterimusiikkia jatkossa.<\/p>\n<p>Melartin-seuran puheenjohtaja puolestaan kiitt\u00e4\u00e4 Rousia ja Helsinki Concordiaa eritt\u00e4in tasokkaasta esityksest\u00e4 sek\u00e4 ainutlaatuisesta mahdollisuudesta kuulla t\u00e4t\u00e4 harvinaisuutta el\u00e4v\u00e4n\u00e4 ja innostuneena esityksen\u00e4. Harmillisesti 2. sinfonian puhtaaksikirjoitus ei aivan valmistunut konserttiin, vaan teos soitettiin k\u00e4sikirjoitusmateriaalista. Nyt itsen\u00e4isyytemme 100-vuotisjuhlan aattona sinfonian partituuri on juuri saatu valmiiksi editoitua ja se houkuttelee toivottavasti useita esityksi\u00e4 t\u00e4lle Melartinin nuoruudenteokselle.<\/p>\n","protected":false},"excerpt":{"rendered":"<p>Suomalaisen musiikin juhlaa -festivaali 17.11.2017 Helsingin konservatorion konserttisalissa oli my\u00f6s Erkki Melartinin el\u00e4m\u00e4nty\u00f6n juhlaa. Tuomas Rousin johtaman Helsinki Concordian konsertissa[&#8230;]<\/p>\n","protected":false},"author":2,"featured_media":0,"comment_status":"closed","ping_status":"closed","sticky":false,"template":"","format":"standard","meta":{"footnotes":""},"categories":[1],"tags":[],"class_list":["post-402","post","type-post","status-publish","format-standard","hentry","category-uncategorized"],"_links":{"self":[{"href":"https:\/\/erkkimelartin.fi\/em\/index.php?rest_route=\/wp\/v2\/posts\/402","targetHints":{"allow":["GET"]}}],"collection":[{"href":"https:\/\/erkkimelartin.fi\/em\/index.php?rest_route=\/wp\/v2\/posts"}],"about":[{"href":"https:\/\/erkkimelartin.fi\/em\/index.php?rest_route=\/wp\/v2\/types\/post"}],"author":[{"embeddable":true,"href":"https:\/\/erkkimelartin.fi\/em\/index.php?rest_route=\/wp\/v2\/users\/2"}],"replies":[{"embeddable":true,"href":"https:\/\/erkkimelartin.fi\/em\/index.php?rest_route=%2Fwp%2Fv2%2Fcomments&post=402"}],"version-history":[{"count":4,"href":"https:\/\/erkkimelartin.fi\/em\/index.php?rest_route=\/wp\/v2\/posts\/402\/revisions"}],"predecessor-version":[{"id":421,"href":"https:\/\/erkkimelartin.fi\/em\/index.php?rest_route=\/wp\/v2\/posts\/402\/revisions\/421"}],"wp:attachment":[{"href":"https:\/\/erkkimelartin.fi\/em\/index.php?rest_route=%2Fwp%2Fv2%2Fmedia&parent=402"}],"wp:term":[{"taxonomy":"category","embeddable":true,"href":"https:\/\/erkkimelartin.fi\/em\/index.php?rest_route=%2Fwp%2Fv2%2Fcategories&post=402"},{"taxonomy":"post_tag","embeddable":true,"href":"https:\/\/erkkimelartin.fi\/em\/index.php?rest_route=%2Fwp%2Fv2%2Ftags&post=402"}],"curies":[{"name":"wp","href":"https:\/\/api.w.org\/{rel}","templated":true}]}}