{"id":440,"date":"2018-06-29T21:51:47","date_gmt":"2018-06-29T21:51:47","guid":{"rendered":"https:\/\/erkkimelartin.fi\/em\/?p=440"},"modified":"2018-06-29T22:00:18","modified_gmt":"2018-06-29T22:00:18","slug":"melartin-seuran-reissu-lohjan-lauluakatemian-konserttiin","status":"publish","type":"post","link":"https:\/\/erkkimelartin.fi\/em\/?p=440","title":{"rendered":"Melartin-seura Lohjan lauluakatemian konsertissa"},"content":{"rendered":"<p><img loading=\"lazy\" decoding=\"async\" class=\"size-medium wp-image-441 alignleft\" src=\"https:\/\/erkkimelartin.fi\/em\/wp-content\/uploads\/2018\/06\/180607-Konsertti-Siuntion-kirkossa-02-248x300.jpg\" alt=\"\" width=\"248\" height=\"300\" srcset=\"https:\/\/erkkimelartin.fi\/em\/wp-content\/uploads\/2018\/06\/180607-Konsertti-Siuntion-kirkossa-02-248x300.jpg 248w, https:\/\/erkkimelartin.fi\/em\/wp-content\/uploads\/2018\/06\/180607-Konsertti-Siuntion-kirkossa-02-768x929.jpg 768w, https:\/\/erkkimelartin.fi\/em\/wp-content\/uploads\/2018\/06\/180607-Konsertti-Siuntion-kirkossa-02-846x1024.jpg 846w, https:\/\/erkkimelartin.fi\/em\/wp-content\/uploads\/2018\/06\/180607-Konsertti-Siuntion-kirkossa-02.jpg 2036w\" sizes=\"auto, (max-width: 248px) 100vw, 248px\" \/><\/p>\n<p><strong>Melartin-seura kes\u00e4konsertin tunnelmissa Siuntion kirkossa<\/strong><\/p>\n<p>Melartin-seuran edustajat <strong>Heikki Poroila<\/strong> (puuttuu kuvasta), <strong>Tuire Ranta-Meyer<\/strong> ja <strong>Kitti Saalonen<\/strong> tekiv\u00e4t ihanan kes\u00e4s\u00e4\u00e4n vallitessa retken 7.6. Siuntioon. Sen keskiaikaisessa harmaakivikirkossa esitettiin <strong>Erkki Melartinin <\/strong>viimeisimpiin s\u00e4vellyst\u00f6ihin lukeutuva k\u00e4yr\u00e4torvikvartetto op. 185.<\/p>\n<p>Teoksen esittiv\u00e4t kerrassaan vaikuttavasti cornistit <strong>Jouni Suuronen <\/strong><strong>(Tampere Filharmonia)<\/strong>,<strong> Pasi<\/strong> <strong>Pihlaja <\/strong><strong>(Tapiola Sinfonietta)<\/strong>,<strong> Tommi Hyytinen <\/strong><strong>(RSO ja SibA)<\/strong> ja<strong> Timo Ronkainen <\/strong><strong>(SibA). He soittivat sen vaativasta alkuper\u00e4isest\u00e4 s\u00e4vellajista<\/strong> F-duurista (soiva B-duuri). N\u00e4in maalikuussa 1936, vain vajaa vuosi ennen s\u00e4velt\u00e4j\u00e4n kuolemaa valmistunut teos soi pitk\u00e4lti tummana ja resignoituneena, ik\u00e4\u00e4n kuin yhten\u00e4 Melartinin musiikillisista testamenteista.<\/p>\n<p><img loading=\"lazy\" decoding=\"async\" class=\"size-medium wp-image-442 alignright\" src=\"https:\/\/erkkimelartin.fi\/em\/wp-content\/uploads\/2018\/06\/K\u00e4yr\u00e4torvikvartetti-300x225.jpg\" alt=\"\" width=\"300\" height=\"225\" srcset=\"https:\/\/erkkimelartin.fi\/em\/wp-content\/uploads\/2018\/06\/K\u00e4yr\u00e4torvikvartetti-300x225.jpg 300w, https:\/\/erkkimelartin.fi\/em\/wp-content\/uploads\/2018\/06\/K\u00e4yr\u00e4torvikvartetti-768x576.jpg 768w, https:\/\/erkkimelartin.fi\/em\/wp-content\/uploads\/2018\/06\/K\u00e4yr\u00e4torvikvartetti-1024x768.jpg 1024w, https:\/\/erkkimelartin.fi\/em\/wp-content\/uploads\/2018\/06\/K\u00e4yr\u00e4torvikvartetti.jpg 2016w\" sizes=\"auto, (max-width: 300px) 100vw, 300px\" \/><\/p>\n<p>&nbsp;<\/p>\n<p><em>Esiintyj\u00e4t vasemmalta lukien: Tommi Hyytinen, Timo Ronkainen, Pasi Pihlaja ja Jouni Suuronen.<\/em><\/p>\n<p>&nbsp;<\/p>\n<p>&nbsp;<\/p>\n<p>T\u00e4t\u00e4 <em>Pient\u00e4 kvartettia 4 cornille <\/em>ei ole t\u00e4t\u00e4 en\u00e4\u00e4 vuosiin ennen Siuntion konserttia esitetty Melartinin alkuper\u00e4isen k\u00e4sikirjoituksen mukaisesti. Suomalaisen k\u00e4yr\u00e4torvensoiton is\u00e4 <strong>Holger Fransman<\/strong> muokkasi sit\u00e4 1950-luvun lopulla ja viel\u00e4 1990-luvulla helpommin soitettavan tekem\u00e4ll\u00e4 muutoksia ja nostamalla s\u00e4vellajia yhdell\u00e4 s\u00e4velaskeleella (soivaan C-duuriin). T\u00e4m\u00e4 Fransmanin muokkaama versio on ollut suosittu, mutta Siuntion kirkossa kuultiin <strong>Johanna Er\u00e4ng\u00f6n <\/strong><strong>k\u00e4sikirjoituksesta <\/strong>editoima alkuper\u00e4isversio.<\/p>\n<p><strong>Esitys ei ennakkotiedoista poiketen kuitenkaan ollut alkuper\u00e4isen version kantaesitys<\/strong>, sill\u00e4 se esitettiin 27.5.1936 Helsingin Konservatorion oppilasn\u00e4ytteiss\u00e4. Melartin oli viel\u00e4 tuolloin t\u00e4m\u00e4n my\u00f6hemmin Sibelius-Akatemiaksi kehittyneen laitoksen johtaja. H\u00e4nen virkateht\u00e4viins\u00e4 kuului osallistua kev\u00e4tn\u00e4ytteisiin, joten h\u00e4n on kuullut itse teoksen silloin mit\u00e4 todenn\u00e4k\u00f6isimmin. Lis\u00e4ksi Melartinin arkistosta on l\u00f6ytynyt tieto, jonka mukaan s\u00e4velt\u00e4j\u00e4 itse harjoitutti teosta huhtikuussa 1936 yhdess\u00e4 Fransmanin kanssa ja oli hyvin tyytyv\u00e4inen t\u00e4m\u00e4n oppilaisiin. Sek\u00e4 kev\u00e4tn\u00e4ytteiss\u00e4 ett\u00e4 my\u00f6hemmin Melartinin viimeisen\u00e4 syntym\u00e4p\u00e4iv\u00e4n\u00e4 7.2.1937 radioidussa esityksess\u00e4 teoksen esitti kaksinkertainen k\u00e4yr\u00e4torvikvartetti (osittain eri kokoonpanoilla). Heikki Poroilan (2016) teosluettelossa kuvaama muistitieto pit\u00e4\u00e4 todenn\u00e4k\u00f6isesti paikkansa, joskin tiedonantajana oletettavasti toiminut Holger Fransman on vuosien saatossa selv\u00e4sti unohtanut yksityis- ja ajankohtia.<\/p>\n<p>Siuntion konsertin pianistina toimi Melartin-seuran aktiivinen j\u00e4sen <strong>Pami Karvonen<\/strong>, joka on toteuttamassa nimikkos\u00e4velt\u00e4j\u00e4mme koko laulutuotannon kattavaa konserttisarjaa ensi vuonna. Tilaisuuden p\u00e4\u00e4tti l\u00e4mminhenkinen keskustelu, jonka juonsi lauluakatemian taiteellinen johtaja, oopperalaulaja <strong>Juha Uusitalo.<\/strong> Melartinin teos, sen eri versiot ja alkuper\u00e4isversion luonne puhututtivat sek\u00e4 soittajia ett\u00e4 yleis\u00f6\u00e4.<\/p>\n<p><img loading=\"lazy\" decoding=\"async\" class=\"size-medium wp-image-443 alignleft\" src=\"https:\/\/erkkimelartin.fi\/em\/wp-content\/uploads\/2018\/06\/K\u00e4yr\u00e4torvikvartetti-2-300x225.jpg\" alt=\"\" width=\"300\" height=\"225\" srcset=\"https:\/\/erkkimelartin.fi\/em\/wp-content\/uploads\/2018\/06\/K\u00e4yr\u00e4torvikvartetti-2-300x225.jpg 300w, https:\/\/erkkimelartin.fi\/em\/wp-content\/uploads\/2018\/06\/K\u00e4yr\u00e4torvikvartetti-2-768x576.jpg 768w, https:\/\/erkkimelartin.fi\/em\/wp-content\/uploads\/2018\/06\/K\u00e4yr\u00e4torvikvartetti-2-1024x768.jpg 1024w, https:\/\/erkkimelartin.fi\/em\/wp-content\/uploads\/2018\/06\/K\u00e4yr\u00e4torvikvartetti-2.jpg 2016w\" sizes=\"auto, (max-width: 300px) 100vw, 300px\" \/><\/p>\n<p>&nbsp;<\/p>\n<p><em>Keskustelutilaisuuden Juha Suurosen, Timo Ronkaisen, Pasi Pihlajan ja Tommi Hyyti\u00e4isen kanssa juonsi oopperalaulaja Juha Uusitalo (keskell\u00e4).<br \/>\n<\/em><\/p>\n","protected":false},"excerpt":{"rendered":"<p>Melartin-seura kes\u00e4konsertin tunnelmissa Siuntion kirkossa Melartin-seuran edustajat Heikki Poroila (puuttuu kuvasta), Tuire Ranta-Meyer ja Kitti Saalonen tekiv\u00e4t ihanan kes\u00e4s\u00e4\u00e4n vallitessa[&#8230;]<\/p>\n","protected":false},"author":2,"featured_media":0,"comment_status":"closed","ping_status":"closed","sticky":false,"template":"","format":"standard","meta":{"footnotes":""},"categories":[1],"tags":[],"class_list":["post-440","post","type-post","status-publish","format-standard","hentry","category-uncategorized"],"_links":{"self":[{"href":"https:\/\/erkkimelartin.fi\/em\/index.php?rest_route=\/wp\/v2\/posts\/440","targetHints":{"allow":["GET"]}}],"collection":[{"href":"https:\/\/erkkimelartin.fi\/em\/index.php?rest_route=\/wp\/v2\/posts"}],"about":[{"href":"https:\/\/erkkimelartin.fi\/em\/index.php?rest_route=\/wp\/v2\/types\/post"}],"author":[{"embeddable":true,"href":"https:\/\/erkkimelartin.fi\/em\/index.php?rest_route=\/wp\/v2\/users\/2"}],"replies":[{"embeddable":true,"href":"https:\/\/erkkimelartin.fi\/em\/index.php?rest_route=%2Fwp%2Fv2%2Fcomments&post=440"}],"version-history":[{"count":5,"href":"https:\/\/erkkimelartin.fi\/em\/index.php?rest_route=\/wp\/v2\/posts\/440\/revisions"}],"predecessor-version":[{"id":449,"href":"https:\/\/erkkimelartin.fi\/em\/index.php?rest_route=\/wp\/v2\/posts\/440\/revisions\/449"}],"wp:attachment":[{"href":"https:\/\/erkkimelartin.fi\/em\/index.php?rest_route=%2Fwp%2Fv2%2Fmedia&parent=440"}],"wp:term":[{"taxonomy":"category","embeddable":true,"href":"https:\/\/erkkimelartin.fi\/em\/index.php?rest_route=%2Fwp%2Fv2%2Fcategories&post=440"},{"taxonomy":"post_tag","embeddable":true,"href":"https:\/\/erkkimelartin.fi\/em\/index.php?rest_route=%2Fwp%2Fv2%2Ftags&post=440"}],"curies":[{"name":"wp","href":"https:\/\/api.w.org\/{rel}","templated":true}]}}