{"id":463,"date":"2018-09-18T17:53:57","date_gmt":"2018-09-18T17:53:57","guid":{"rendered":"https:\/\/erkkimelartin.fi\/em\/?p=463"},"modified":"2018-09-18T17:55:47","modified_gmt":"2018-09-18T17:55:47","slug":"kakisalmi-saation-lauluillassa-melartinin-kokoamia-kansanlauluja","status":"publish","type":"post","link":"https:\/\/erkkimelartin.fi\/em\/?p=463","title":{"rendered":"Lauluillassa Heinolassa Melartinin kokoamia kansanlauluja"},"content":{"rendered":"<p><img loading=\"lazy\" decoding=\"async\" class=\"size-medium wp-image-465 alignleft\" src=\"https:\/\/erkkimelartin.fi\/em\/wp-content\/uploads\/2018\/09\/Lauluilta1-300x225.jpg\" alt=\"\" width=\"300\" height=\"225\" srcset=\"https:\/\/erkkimelartin.fi\/em\/wp-content\/uploads\/2018\/09\/Lauluilta1-300x225.jpg 300w, https:\/\/erkkimelartin.fi\/em\/wp-content\/uploads\/2018\/09\/Lauluilta1.jpg 640w\" sizes=\"auto, (max-width: 300px) 100vw, 300px\" \/><\/p>\n<p>K\u00e4kisalmi-s\u00e4\u00e4ti\u00f6 j\u00e4rjesti osana 70-vuotisjuhliensa tapahtumia Heinolan kes\u00e4teatterissa tunnelmallisen yhteislauluillan. Se veti suuren yleis\u00f6m\u00e4\u00e4r\u00e4n katsomoon Erkki Melartinin vuonna 1908 ker\u00e4\u00e4mien kansanlaulujen pariin. Laulattajina toimivat Erkki Heiskanen ja Sirpa Sara, ja heit\u00e4 s\u00e4esti musiikkiopiston orkesteri.\u00a0 20 melko tutun laulun valikoimasta oli koottu yleis\u00f6n avuksi vihkonen, johon sanat oli koottu.<\/p>\n<p><img loading=\"lazy\" decoding=\"async\" class=\"size-medium wp-image-466 alignright\" src=\"https:\/\/erkkimelartin.fi\/em\/wp-content\/uploads\/2018\/09\/Lauluilta2-300x225.jpg\" alt=\"\" width=\"300\" height=\"225\" srcset=\"https:\/\/erkkimelartin.fi\/em\/wp-content\/uploads\/2018\/09\/Lauluilta2-300x225.jpg 300w, https:\/\/erkkimelartin.fi\/em\/wp-content\/uploads\/2018\/09\/Lauluilta2.jpg 640w\" sizes=\"auto, (max-width: 300px) 100vw, 300px\" \/><\/p>\n<p>&nbsp;<\/p>\n<p>Melartin-seurasta oli tilaisuudessa mukana muutama j\u00e4sen. My\u00f6s puheenjohtaja osallistui lauluiltaan ja piti lopuksi pienen tervehdyspuheen. Illan muina j\u00e4rjest\u00e4jin\u00e4 olivat Heinolan\u00a0 Karjalaseuran, musiikkiopisto ja kulttuuritoimiston kanssa.<\/p>\n<p>K\u00e4kisalmi-s\u00e4\u00e4ti\u00f6n kotipaikka on Heinola. S\u00e4\u00e4ti\u00f6n tarkoituksena on vaalia entisen K\u00e4kisalmen maalaiskunnan ja kaupungin asukkaiden ja heid\u00e4n perillistens\u00e4 keskuudessa karjalaista yhteishenke\u00e4 sek\u00e4 tukea heid\u00e4n henkisi\u00e4 ja taloudellisia pyrkimyksi\u00e4\u00e4n.<\/p>\n","protected":false},"excerpt":{"rendered":"<p>K\u00e4kisalmi-s\u00e4\u00e4ti\u00f6 j\u00e4rjesti osana 70-vuotisjuhliensa tapahtumia Heinolan kes\u00e4teatterissa tunnelmallisen yhteislauluillan. Se veti suuren yleis\u00f6m\u00e4\u00e4r\u00e4n katsomoon Erkki Melartinin vuonna 1908 ker\u00e4\u00e4mien kansanlaulujen[&#8230;]<\/p>\n","protected":false},"author":2,"featured_media":0,"comment_status":"closed","ping_status":"closed","sticky":false,"template":"","format":"standard","meta":{"footnotes":""},"categories":[1],"tags":[],"class_list":["post-463","post","type-post","status-publish","format-standard","hentry","category-uncategorized"],"_links":{"self":[{"href":"https:\/\/erkkimelartin.fi\/em\/index.php?rest_route=\/wp\/v2\/posts\/463","targetHints":{"allow":["GET"]}}],"collection":[{"href":"https:\/\/erkkimelartin.fi\/em\/index.php?rest_route=\/wp\/v2\/posts"}],"about":[{"href":"https:\/\/erkkimelartin.fi\/em\/index.php?rest_route=\/wp\/v2\/types\/post"}],"author":[{"embeddable":true,"href":"https:\/\/erkkimelartin.fi\/em\/index.php?rest_route=\/wp\/v2\/users\/2"}],"replies":[{"embeddable":true,"href":"https:\/\/erkkimelartin.fi\/em\/index.php?rest_route=%2Fwp%2Fv2%2Fcomments&post=463"}],"version-history":[{"count":3,"href":"https:\/\/erkkimelartin.fi\/em\/index.php?rest_route=\/wp\/v2\/posts\/463\/revisions"}],"predecessor-version":[{"id":469,"href":"https:\/\/erkkimelartin.fi\/em\/index.php?rest_route=\/wp\/v2\/posts\/463\/revisions\/469"}],"wp:attachment":[{"href":"https:\/\/erkkimelartin.fi\/em\/index.php?rest_route=%2Fwp%2Fv2%2Fmedia&parent=463"}],"wp:term":[{"taxonomy":"category","embeddable":true,"href":"https:\/\/erkkimelartin.fi\/em\/index.php?rest_route=%2Fwp%2Fv2%2Fcategories&post=463"},{"taxonomy":"post_tag","embeddable":true,"href":"https:\/\/erkkimelartin.fi\/em\/index.php?rest_route=%2Fwp%2Fv2%2Ftags&post=463"}],"curies":[{"name":"wp","href":"https:\/\/api.w.org\/{rel}","templated":true}]}}