{"id":533,"date":"2018-12-17T20:48:40","date_gmt":"2018-12-17T20:48:40","guid":{"rendered":"https:\/\/erkkimelartin.fi\/em\/?p=533"},"modified":"2018-12-17T20:50:10","modified_gmt":"2018-12-17T20:50:10","slug":"erkki-melartin-seura-jatkaa-2019-paaosin-entisin-voimin","status":"publish","type":"post","link":"https:\/\/erkkimelartin.fi\/em\/?p=533","title":{"rendered":"Erkki Melartin -seura jatkaa 2019 p\u00e4\u00e4osin entisin voimin"},"content":{"rendered":"\n<p>Erkki Melartin -seuran syyskokous 28.11.2018 valitsi seuran puheenjohtajaksi vuodelle 2019 <strong>Tuire Ranta-Meyerin<\/strong>. Hallituksen varsinaisiksi j\u00e4seniksi valittiin <strong>Riikka Hakola, Pami Karvonen<\/strong> (uusi), <strong>Jaakko Kortekangas, Jani Kyll\u00f6nen, Erkki Lasonpalo, Outi Paananen, Inkeri Pitk\u00e4ranta<\/strong> ja <strong>Heikki Poroila<\/strong>. Varaj\u00e4senin\u00e4 jatkavat <strong>Pekka Helasvuo, Ilmo Ranta<\/strong> ja <strong>Seppo Tuominen<\/strong>. Samassa yhteydess\u00e4 kiitettiin hallituksen varapuheenjohtajana vuosikausia toiminutta <strong>Ari Niemist\u00e4<\/strong>, joka j\u00e4i nyt pois hallitustoiminnasta.<br><\/p>\n\n\n\n<p>Vuoden 2019 aikana pyrit\u00e4\u00e4n toteuttamaan Melartinin Koskenniemi-laulujen esitys <strong>Leo Funtekin<\/strong> orkesteris\u00e4estyksisin\u00e4 versioina. Vuonna 2007 k\u00e4ynnistetty Melartinin sinfonioiden <strong>puhtaaksikirjoitusprojekti<\/strong> pyrit\u00e4\u00e4n saamaan valmiiksi sinfonian nro 6 muodossa. Seura tukee Tuire Ranta-Meyerin k\u00e4ynnist\u00e4m\u00e4n Melartinin <strong>el\u00e4m\u00e4kertahankkeen<\/strong> toteutumista ty\u00f6ryhm\u00e4ll\u00e4, jolle haetaan apuraha. My\u00f6s <strong>oman logon<\/strong> teett\u00e4minen on suunnitelmissa, samoin Wikipedian Melartin-artikkeleiden ajan tasalla saattaminen.<\/p>\n\n\n\n<p>Seuran j\u00e4senmaksu on edelleen 20 euroa (yhteis\u00f6j\u00e4senet 40 euroa).<br><\/p>\n","protected":false},"excerpt":{"rendered":"<p>Erkki Melartin -seuran syyskokous 28.11.2018 valitsi seuran puheenjohtajaksi vuodelle 2019 Tuire Ranta-Meyerin. Hallituksen varsinaisiksi j\u00e4seniksi valittiin Riikka Hakola, Pami Karvonen[&#8230;]<\/p>\n","protected":false},"author":1,"featured_media":0,"comment_status":"closed","ping_status":"closed","sticky":false,"template":"","format":"standard","meta":{"footnotes":""},"categories":[1],"tags":[],"class_list":["post-533","post","type-post","status-publish","format-standard","hentry","category-uncategorized"],"_links":{"self":[{"href":"https:\/\/erkkimelartin.fi\/em\/index.php?rest_route=\/wp\/v2\/posts\/533","targetHints":{"allow":["GET"]}}],"collection":[{"href":"https:\/\/erkkimelartin.fi\/em\/index.php?rest_route=\/wp\/v2\/posts"}],"about":[{"href":"https:\/\/erkkimelartin.fi\/em\/index.php?rest_route=\/wp\/v2\/types\/post"}],"author":[{"embeddable":true,"href":"https:\/\/erkkimelartin.fi\/em\/index.php?rest_route=\/wp\/v2\/users\/1"}],"replies":[{"embeddable":true,"href":"https:\/\/erkkimelartin.fi\/em\/index.php?rest_route=%2Fwp%2Fv2%2Fcomments&post=533"}],"version-history":[{"count":2,"href":"https:\/\/erkkimelartin.fi\/em\/index.php?rest_route=\/wp\/v2\/posts\/533\/revisions"}],"predecessor-version":[{"id":535,"href":"https:\/\/erkkimelartin.fi\/em\/index.php?rest_route=\/wp\/v2\/posts\/533\/revisions\/535"}],"wp:attachment":[{"href":"https:\/\/erkkimelartin.fi\/em\/index.php?rest_route=%2Fwp%2Fv2%2Fmedia&parent=533"}],"wp:term":[{"taxonomy":"category","embeddable":true,"href":"https:\/\/erkkimelartin.fi\/em\/index.php?rest_route=%2Fwp%2Fv2%2Fcategories&post=533"},{"taxonomy":"post_tag","embeddable":true,"href":"https:\/\/erkkimelartin.fi\/em\/index.php?rest_route=%2Fwp%2Fv2%2Ftags&post=533"}],"curies":[{"name":"wp","href":"https:\/\/api.w.org\/{rel}","templated":true}]}}