{"id":565,"date":"2019-08-29T19:21:09","date_gmt":"2019-08-29T19:21:09","guid":{"rendered":"https:\/\/erkkimelartin.fi\/em\/?p=565"},"modified":"2019-08-29T19:21:09","modified_gmt":"2019-08-29T19:21:09","slug":"melartin-konsertti-8-9-2019-klo-16-virkkalan-kassan-talossa-lohjalla","status":"publish","type":"post","link":"https:\/\/erkkimelartin.fi\/em\/?p=565","title":{"rendered":"Melartin-konsertti 8.9.2019 klo 16 Virkkalan K\u00e4ss\u00e4n talossa Lohjalla"},"content":{"rendered":"\n<p>Osana syyskuussa vietett\u00e4v\u00e4\u00e4 Karjala-tapahtumaa j\u00e4rjestet\u00e4\u00e4n K\u00e4ss\u00e4n talolla Virkkalassa (Tynninharjuntie 21) <strong>Erkki  Melartinin<\/strong> musiikille omistettu konsertti. Konsertti alkaa sunnuntaina 8.9.2019 klo 16. P\u00e4\u00e4syliput 20\/15 euroa.  Tilaisuuden j\u00e4rjest\u00e4v\u00e4t  Virkkalan Kulttuurin Yst\u00e4v\u00e4t &#8211; Virkby Kulturv\u00e4nner ry ja Lohjan Karjalaseura ry. Tervetuloa!<\/p>\n\n\n\n<p><em>Jousitrio<\/em>, op. 133 (1926), <strong>Annemarie \u00c5str\u00f6m<\/strong>, viulu, <strong>Jussi-Matti Haavisto<\/strong>, alttoviulu ja <strong>Markus Hallikainen<\/strong>, sello.<\/p>\n\n\n\n<p><em>Der traurige Garten<\/em>, op. 52 (1908), <strong>Leena Hytti-Haavisto<\/strong>, piano<\/p>\n\n\n\n<p><em>Jousikvartetto nro 4<\/em>, op. 62, F-duuri (1908-1910), <strong>Annemarie \u00c5str\u00f6m<\/strong>, viulu, <strong>Sanna Kokko<\/strong>, viulu, <strong>Jussi-Matti Haavisto<\/strong>, alttoviulu ja <strong>Markus Hallikainen<\/strong>, sello.<\/p>\n","protected":false},"excerpt":{"rendered":"<p>Osana syyskuussa vietett\u00e4v\u00e4\u00e4 Karjala-tapahtumaa j\u00e4rjestet\u00e4\u00e4n K\u00e4ss\u00e4n talolla Virkkalassa (Tynninharjuntie 21) Erkki Melartinin musiikille omistettu konsertti. Konsertti alkaa sunnuntaina 8.9.2019 klo[&#8230;]<\/p>\n","protected":false},"author":1,"featured_media":0,"comment_status":"closed","ping_status":"closed","sticky":false,"template":"","format":"standard","meta":{"footnotes":""},"categories":[1],"tags":[],"class_list":["post-565","post","type-post","status-publish","format-standard","hentry","category-uncategorized"],"_links":{"self":[{"href":"https:\/\/erkkimelartin.fi\/em\/index.php?rest_route=\/wp\/v2\/posts\/565","targetHints":{"allow":["GET"]}}],"collection":[{"href":"https:\/\/erkkimelartin.fi\/em\/index.php?rest_route=\/wp\/v2\/posts"}],"about":[{"href":"https:\/\/erkkimelartin.fi\/em\/index.php?rest_route=\/wp\/v2\/types\/post"}],"author":[{"embeddable":true,"href":"https:\/\/erkkimelartin.fi\/em\/index.php?rest_route=\/wp\/v2\/users\/1"}],"replies":[{"embeddable":true,"href":"https:\/\/erkkimelartin.fi\/em\/index.php?rest_route=%2Fwp%2Fv2%2Fcomments&post=565"}],"version-history":[{"count":1,"href":"https:\/\/erkkimelartin.fi\/em\/index.php?rest_route=\/wp\/v2\/posts\/565\/revisions"}],"predecessor-version":[{"id":566,"href":"https:\/\/erkkimelartin.fi\/em\/index.php?rest_route=\/wp\/v2\/posts\/565\/revisions\/566"}],"wp:attachment":[{"href":"https:\/\/erkkimelartin.fi\/em\/index.php?rest_route=%2Fwp%2Fv2%2Fmedia&parent=565"}],"wp:term":[{"taxonomy":"category","embeddable":true,"href":"https:\/\/erkkimelartin.fi\/em\/index.php?rest_route=%2Fwp%2Fv2%2Fcategories&post=565"},{"taxonomy":"post_tag","embeddable":true,"href":"https:\/\/erkkimelartin.fi\/em\/index.php?rest_route=%2Fwp%2Fv2%2Ftags&post=565"}],"curies":[{"name":"wp","href":"https:\/\/api.w.org\/{rel}","templated":true}]}}