{"id":568,"date":"2019-09-17T16:11:51","date_gmt":"2019-09-17T16:11:51","guid":{"rendered":"https:\/\/erkkimelartin.fi\/em\/?p=568"},"modified":"2019-09-17T21:30:44","modified_gmt":"2019-09-17T21:30:44","slug":"helsingin-kamarikuoro-laulaa-erkki-merikannon-sekakuorolauluja-22-11-2019","status":"publish","type":"post","link":"https:\/\/erkkimelartin.fi\/em\/?p=568","title":{"rendered":"Helsingin kamarikuoro laulaa Erkki Melartinin sekakuorolauluja 22.11.2019"},"content":{"rendered":"\n<p>Mielenkiintoinen Melartin-konsertti on luvassa <strong>marraskuun 22. p\u00e4iv\u00e4n\u00e4 2019 klo 19 Paavalinkirkossa<\/strong> Helsingiss\u00e4. <strong><a href=\"http:\/\/ www.helsinginkamarikuoro.fi \">Helsingin kamarikuoro<\/a><\/strong> laulaa  <strong>Nils Schweckendiekin<\/strong> johdolla kokonaisen ohjelman Melartinin sekakuoroteoksia. Liput 20 euroa (el\u00e4kel\u00e4iset 15). Lippuja voi ostaa ennakkoon <a href=\"https:\/\/www.ticketmaster.fi\/event\/260637\">Ticketmasterista<\/a>. <\/p>\n\n\n\n<p>Kuoron ohjelmassa tulevat oleva mm. seuraavat teokset: <em>Kahdeksan sekakuorolaulua<\/em> op. 142 &#8211; <em>7 psalmer<\/em>, op. 113 &#8211; <em>Till fosterlandet<\/em>, op. 61, nro 1 &#8211; <em>Var redo!<\/em> op. 61, nro 2 &#8211; <em>Kullan luo<\/em>, EM120 &#8211; <em>Tule, tule!<\/em>, op. 55a, nro 1 &#8211; <em>Vid fr\u00e5gornas port<\/em>, op. 43 (kolme osaa kantaatista) &#8211; <em>Kaarlo ja Emelie Bergbomin muistolle<\/em>, EM099 &#8211; <em>Kv\u00e4llsvind spelade<\/em>, EM124 &#8211; <em>Dj\u00e4knevisa<\/em>, EM036 &#8211; <em>Aattehet<\/em>, op. 61b, nro 1 &#8211; <em>Vappulaulu<\/em>, op. 61b, nro 2 &#8211; <em>Aittalaulu<\/em>, op. 61b, nro 4 &#8211; <em>Kukat Pinciolla<\/em>, op. 61b, nro 6 &#8211; <em>Lumisateella<\/em>, op. 134a, nro 20 &#8211; <em>Oi kuin selv\u00e4\u00e4n soipi meille,<\/em> op. 134a, nro 23 &#8211; <em>Jouluy\u00f6<\/em>, EM094 &#8211; <em>Jouluna<\/em>, EM092.<\/p>\n\n\n\n<div class=\"wp-block-image\"><figure class=\"aligncenter is-resized\"><img loading=\"lazy\" decoding=\"async\" src=\"https:\/\/erkkimelartin.fi\/em\/wp-content\/uploads\/2019\/09\/Hgin-kamarikuoro.png\" alt=\"\" class=\"wp-image-569\" width=\"583\" height=\"307\" srcset=\"https:\/\/erkkimelartin.fi\/em\/wp-content\/uploads\/2019\/09\/Hgin-kamarikuoro.png 833w, https:\/\/erkkimelartin.fi\/em\/wp-content\/uploads\/2019\/09\/Hgin-kamarikuoro-300x158.png 300w, https:\/\/erkkimelartin.fi\/em\/wp-content\/uploads\/2019\/09\/Hgin-kamarikuoro-768x405.png 768w\" sizes=\"auto, (max-width: 583px) 100vw, 583px\" \/><\/figure><\/div>\n\n\n\n<p><\/p>\n","protected":false},"excerpt":{"rendered":"<p>Mielenkiintoinen Melartin-konsertti on luvassa marraskuun 22. p\u00e4iv\u00e4n\u00e4 2019 klo 19 Paavalinkirkossa Helsingiss\u00e4. Helsingin kamarikuoro laulaa Nils Schweckendiekin johdolla kokonaisen ohjelman[&#8230;]<\/p>\n","protected":false},"author":1,"featured_media":0,"comment_status":"closed","ping_status":"closed","sticky":false,"template":"","format":"standard","meta":{"footnotes":""},"categories":[1],"tags":[],"class_list":["post-568","post","type-post","status-publish","format-standard","hentry","category-uncategorized"],"_links":{"self":[{"href":"https:\/\/erkkimelartin.fi\/em\/index.php?rest_route=\/wp\/v2\/posts\/568","targetHints":{"allow":["GET"]}}],"collection":[{"href":"https:\/\/erkkimelartin.fi\/em\/index.php?rest_route=\/wp\/v2\/posts"}],"about":[{"href":"https:\/\/erkkimelartin.fi\/em\/index.php?rest_route=\/wp\/v2\/types\/post"}],"author":[{"embeddable":true,"href":"https:\/\/erkkimelartin.fi\/em\/index.php?rest_route=\/wp\/v2\/users\/1"}],"replies":[{"embeddable":true,"href":"https:\/\/erkkimelartin.fi\/em\/index.php?rest_route=%2Fwp%2Fv2%2Fcomments&post=568"}],"version-history":[{"count":4,"href":"https:\/\/erkkimelartin.fi\/em\/index.php?rest_route=\/wp\/v2\/posts\/568\/revisions"}],"predecessor-version":[{"id":574,"href":"https:\/\/erkkimelartin.fi\/em\/index.php?rest_route=\/wp\/v2\/posts\/568\/revisions\/574"}],"wp:attachment":[{"href":"https:\/\/erkkimelartin.fi\/em\/index.php?rest_route=%2Fwp%2Fv2%2Fmedia&parent=568"}],"wp:term":[{"taxonomy":"category","embeddable":true,"href":"https:\/\/erkkimelartin.fi\/em\/index.php?rest_route=%2Fwp%2Fv2%2Fcategories&post=568"},{"taxonomy":"post_tag","embeddable":true,"href":"https:\/\/erkkimelartin.fi\/em\/index.php?rest_route=%2Fwp%2Fv2%2Ftags&post=568"}],"curies":[{"name":"wp","href":"https:\/\/api.w.org\/{rel}","templated":true}]}}