{"id":793,"date":"2022-04-24T22:13:26","date_gmt":"2022-04-24T22:13:26","guid":{"rendered":"https:\/\/erkkimelartin.fi\/em\/?p=793"},"modified":"2022-04-24T22:20:58","modified_gmt":"2022-04-24T22:20:58","slug":"melartinin-kantaatti-koulutiella-porissa-20-5-2022","status":"publish","type":"post","link":"https:\/\/erkkimelartin.fi\/em\/?p=793","title":{"rendered":"Melartinin kantaatti Koulutiell\u00e4 Porissa 20.5.2022"},"content":{"rendered":"\n<p>Satakunnan Museossa (Hallitus 11, Pori) j\u00e4rjestet\u00e4\u00e4n perjantaina 20.5.2022 klo 19 konsertti &#8220;Eth\u00e4n minua unhoita&#8221;, jolla juhlistetaan 140 vuotta sitten perustettua Porin tytt\u00f6lyseota. Illan ohjelmaan sis\u00e4ltyy osa <strong>Erkki Melartinin<\/strong> s\u00e4velt\u00e4m\u00e4st\u00e4 kantaatista <strong>Koulutiell\u00e4<\/strong> (EM117), jonka ensiesitys oli vuonna 1930. Teoksen on sanoittanut tytt\u00f6lyseon rehtori <strong>Anna Puranen<\/strong>. Kuoronjohtaja <strong>Minna Lietty\u00e4-Tyni<\/strong> johdattaa yleis\u00f6n 1930-1940 -luvun tunnelmiin kolmen kuoron ja musiikin voimalla. Illan esiintyji\u00e4 ovat <strong>Porin Naislaulajat<\/strong>,  tytt\u00f6kuoro<strong> S\u00e4velsirkut<\/strong> sek\u00e4 sen entisist\u00e4 laulajista koostuva projektikuoro <strong>Singus<\/strong>. Kantaatin osien lis\u00e4ksi kuullaan mm. <strong>Ahti Sonnisen<\/strong> s\u00e4velt\u00e4m\u00e4 <strong>Meren kaupunki<\/strong>, joka kertoo Porin kaupungista, hieman hartaampia s\u00e4vellyksi\u00e4 sek\u00e4 sota-ajan suosikki-iskelmi\u00e4. <\/p>\n\n\n\n<div class=\"wp-block-image\"><figure class=\"aligncenter size-large is-resized\"><img loading=\"lazy\" decoding=\"async\" src=\"https:\/\/erkkimelartin.fi\/em\/wp-content\/uploads\/2022\/04\/EM117-827x1024.jpg\" alt=\"\" class=\"wp-image-798\" width=\"496\" height=\"614\" srcset=\"https:\/\/erkkimelartin.fi\/em\/wp-content\/uploads\/2022\/04\/EM117-827x1024.jpg 827w, https:\/\/erkkimelartin.fi\/em\/wp-content\/uploads\/2022\/04\/EM117-242x300.jpg 242w, https:\/\/erkkimelartin.fi\/em\/wp-content\/uploads\/2022\/04\/EM117-768x951.jpg 768w, https:\/\/erkkimelartin.fi\/em\/wp-content\/uploads\/2022\/04\/EM117-1241x1536.jpg 1241w, https:\/\/erkkimelartin.fi\/em\/wp-content\/uploads\/2022\/04\/EM117-1655x2048.jpg 1655w\" sizes=\"auto, (max-width: 496px) 100vw, 496px\" \/><\/figure><\/div>\n","protected":false},"excerpt":{"rendered":"<p>Satakunnan Museossa (Hallitus 11, Pori) j\u00e4rjestet\u00e4\u00e4n perjantaina 20.5.2022 klo 19 konsertti &#8220;Eth\u00e4n minua unhoita&#8221;, jolla juhlistetaan 140 vuotta sitten perustettua[&#8230;]<\/p>\n","protected":false},"author":1,"featured_media":0,"comment_status":"closed","ping_status":"closed","sticky":false,"template":"","format":"standard","meta":{"footnotes":""},"categories":[1],"tags":[],"class_list":["post-793","post","type-post","status-publish","format-standard","hentry","category-uncategorized"],"_links":{"self":[{"href":"https:\/\/erkkimelartin.fi\/em\/index.php?rest_route=\/wp\/v2\/posts\/793","targetHints":{"allow":["GET"]}}],"collection":[{"href":"https:\/\/erkkimelartin.fi\/em\/index.php?rest_route=\/wp\/v2\/posts"}],"about":[{"href":"https:\/\/erkkimelartin.fi\/em\/index.php?rest_route=\/wp\/v2\/types\/post"}],"author":[{"embeddable":true,"href":"https:\/\/erkkimelartin.fi\/em\/index.php?rest_route=\/wp\/v2\/users\/1"}],"replies":[{"embeddable":true,"href":"https:\/\/erkkimelartin.fi\/em\/index.php?rest_route=%2Fwp%2Fv2%2Fcomments&post=793"}],"version-history":[{"count":5,"href":"https:\/\/erkkimelartin.fi\/em\/index.php?rest_route=\/wp\/v2\/posts\/793\/revisions"}],"predecessor-version":[{"id":800,"href":"https:\/\/erkkimelartin.fi\/em\/index.php?rest_route=\/wp\/v2\/posts\/793\/revisions\/800"}],"wp:attachment":[{"href":"https:\/\/erkkimelartin.fi\/em\/index.php?rest_route=%2Fwp%2Fv2%2Fmedia&parent=793"}],"wp:term":[{"taxonomy":"category","embeddable":true,"href":"https:\/\/erkkimelartin.fi\/em\/index.php?rest_route=%2Fwp%2Fv2%2Fcategories&post=793"},{"taxonomy":"post_tag","embeddable":true,"href":"https:\/\/erkkimelartin.fi\/em\/index.php?rest_route=%2Fwp%2Fv2%2Ftags&post=793"}],"curies":[{"name":"wp","href":"https:\/\/api.w.org\/{rel}","templated":true}]}}