{"id":804,"date":"2022-05-29T10:55:48","date_gmt":"2022-05-29T10:55:48","guid":{"rendered":"https:\/\/erkkimelartin.fi\/em\/?p=804"},"modified":"2022-05-29T10:55:48","modified_gmt":"2022-05-29T10:55:48","slug":"melartin-seuran-kevatkokous-uudistetussa-sibelius-akatemian-r-talossa","status":"publish","type":"post","link":"https:\/\/erkkimelartin.fi\/em\/?p=804","title":{"rendered":"Melartin-seuran kev\u00e4tkokous uudistetussa Sibelius-Akatemian R-talossa"},"content":{"rendered":"\n<p>Erkki Melartin -seura ry:n kev\u00e4tkokous pidettiin toukokuun 5. p\u00e4iv\u00e4n\u00e4 Taideyliopiston Sibelius-Akatemian saneeratussa toimitilassa eli ns. R-talossa Pohjoisella Rautatienkadulla. T\u00e4m\u00e4 Erkki Melartinin rehtorikauden ulkoisesti uljain saavutus avattiin k\u00e4ytt\u00f6\u00f6n vuonna 1930. Arkkitehti <strong>Eino Forsmanin<\/strong> upea ty\u00f6 on nyt kunnostettu perinteit\u00e4 kunnioittaen vastaamaan paremmin nykyp\u00e4iv\u00e4n vaatimuksia, olihan se 2015-2017 ihan muussa k\u00e4yt\u00f6ss\u00e4 eli Suomen eduskunnan v\u00e4ist\u00f6tilana. Hienon konserttisalin ja muiden tilojen varustukseen voi tutustua <a href=\"https:\/\/www.uniarts.fi\/rakennukset-ja-tilat\/r-talon-konserttisali\/\">verkon kautta<\/a>.<\/p>\n\n\n\n<p>Seuran j\u00e4senille talon uudistusty\u00f6t\u00e4 esitteli varadekaani <strong>Markus Utrio<\/strong>, joka korosti uudistusten t\u00e4ht\u00e4\u00e4v\u00e4n ytimen eli musiikin opiskelun ja opettamisen roolin korostamiseen. Hallinnollisia tiloja ei ole yht\u00e4\u00e4n, kaikki on annettu musiikille. Ulkopuolisen n\u00e4k\u00f6kulmasta on kuitenkin harmillista se, ett\u00e4 uudistusten my\u00f6t\u00e4 p\u00e4\u00e4sy R-taloon on rajoitettu, eik\u00e4 sen kaunista sis\u00e4ist\u00e4 arkkitehtuuria p\u00e4\u00e4se noin vain katsomaan, ellei ole opiskelija tai opettaja.<\/p>\n\n\n\n<figure class=\"wp-block-image size-large\"><img loading=\"lazy\" decoding=\"async\" width=\"1024\" height=\"669\" src=\"https:\/\/erkkimelartin.fi\/em\/wp-content\/uploads\/2022\/05\/220505-Melartin-seuran-kevatkokous-27-1024x669.jpg\" alt=\"\" class=\"wp-image-803\" srcset=\"https:\/\/erkkimelartin.fi\/em\/wp-content\/uploads\/2022\/05\/220505-Melartin-seuran-kevatkokous-27-1024x669.jpg 1024w, https:\/\/erkkimelartin.fi\/em\/wp-content\/uploads\/2022\/05\/220505-Melartin-seuran-kevatkokous-27-300x196.jpg 300w, https:\/\/erkkimelartin.fi\/em\/wp-content\/uploads\/2022\/05\/220505-Melartin-seuran-kevatkokous-27-768x502.jpg 768w, https:\/\/erkkimelartin.fi\/em\/wp-content\/uploads\/2022\/05\/220505-Melartin-seuran-kevatkokous-27-1536x1004.jpg 1536w, https:\/\/erkkimelartin.fi\/em\/wp-content\/uploads\/2022\/05\/220505-Melartin-seuran-kevatkokous-27-2048x1339.jpg 2048w\" sizes=\"auto, (max-width: 1024px) 100vw, 1024px\" \/><figcaption>Kokousv\u00e4ki Kamarimusiikkisalissa, Markus Utrio l\u00e4hinn\u00e4 kameraa, vierell\u00e4\u00e4n puheenjohtaja Tuire Ranta-Meyer. (C) Heikki Poroila<\/figcaption><\/figure>\n","protected":false},"excerpt":{"rendered":"<p>Erkki Melartin -seura ry:n kev\u00e4tkokous pidettiin toukokuun 5. p\u00e4iv\u00e4n\u00e4 Taideyliopiston Sibelius-Akatemian saneeratussa toimitilassa eli ns. R-talossa Pohjoisella Rautatienkadulla. T\u00e4m\u00e4 Erkki[&#8230;]<\/p>\n","protected":false},"author":1,"featured_media":0,"comment_status":"closed","ping_status":"closed","sticky":false,"template":"","format":"standard","meta":{"footnotes":""},"categories":[1],"tags":[],"class_list":["post-804","post","type-post","status-publish","format-standard","hentry","category-uncategorized"],"_links":{"self":[{"href":"https:\/\/erkkimelartin.fi\/em\/index.php?rest_route=\/wp\/v2\/posts\/804","targetHints":{"allow":["GET"]}}],"collection":[{"href":"https:\/\/erkkimelartin.fi\/em\/index.php?rest_route=\/wp\/v2\/posts"}],"about":[{"href":"https:\/\/erkkimelartin.fi\/em\/index.php?rest_route=\/wp\/v2\/types\/post"}],"author":[{"embeddable":true,"href":"https:\/\/erkkimelartin.fi\/em\/index.php?rest_route=\/wp\/v2\/users\/1"}],"replies":[{"embeddable":true,"href":"https:\/\/erkkimelartin.fi\/em\/index.php?rest_route=%2Fwp%2Fv2%2Fcomments&post=804"}],"version-history":[{"count":1,"href":"https:\/\/erkkimelartin.fi\/em\/index.php?rest_route=\/wp\/v2\/posts\/804\/revisions"}],"predecessor-version":[{"id":805,"href":"https:\/\/erkkimelartin.fi\/em\/index.php?rest_route=\/wp\/v2\/posts\/804\/revisions\/805"}],"wp:attachment":[{"href":"https:\/\/erkkimelartin.fi\/em\/index.php?rest_route=%2Fwp%2Fv2%2Fmedia&parent=804"}],"wp:term":[{"taxonomy":"category","embeddable":true,"href":"https:\/\/erkkimelartin.fi\/em\/index.php?rest_route=%2Fwp%2Fv2%2Fcategories&post=804"},{"taxonomy":"post_tag","embeddable":true,"href":"https:\/\/erkkimelartin.fi\/em\/index.php?rest_route=%2Fwp%2Fv2%2Ftags&post=804"}],"curies":[{"name":"wp","href":"https:\/\/api.w.org\/{rel}","templated":true}]}}