{"id":852,"date":"2022-11-24T17:13:22","date_gmt":"2022-11-24T17:13:22","guid":{"rendered":"https:\/\/erkkimelartin.fi\/em\/?p=852"},"modified":"2022-11-24T17:13:22","modified_gmt":"2022-11-24T17:13:22","slug":"erkki-melartin-seura-taidekoti-kirpilassa","status":"publish","type":"post","link":"https:\/\/erkkimelartin.fi\/em\/?p=852","title":{"rendered":"Erkki Melartin -seura Taidekoti Kirpil\u00e4ss\u00e4"},"content":{"rendered":"\n<p>Erkki Melartin -seura ryn s\u00e4\u00e4nt\u00f6m\u00e4\u00e4r\u00e4inen syyskokous pidettiin keskiviikkona 23.11.2022 Taidekoti Kirpil\u00e4n pehmeill\u00e4 sohvilla taulujen, veistosten ja vanhojen huonekalujen keskell\u00e4. Seuran puheenjohtajana jatkaa <strong>Tuire Ranta-Meyer<\/strong>, joka joutui valitettavasti kokousp\u00e4iv\u00e4n\u00e4 pikakomennuksella ty\u00f6kokoukseen Ruotsiin, eik\u00e4 siksi pystynyt olemaan paikalla. Hallituksen j\u00e4senin\u00e4 jatkavat <strong>Riikka Hakola<\/strong>, <strong>Pami Karvonen<\/strong>, <strong>Jaakko Kortekangas<\/strong>, <strong>Jani Kyll\u00f6nen<\/strong>, <strong>Outi Paananen<\/strong>, <strong>Inkeri Pitk\u00e4ranta<\/strong>, <strong>Heikki Poroila<\/strong>, <strong>Pekka Helasvuo<\/strong>, <strong>Ilmo Ranta<\/strong> ja <strong>Seppo Tuominen<\/strong>, mutta saimme my\u00f6s vahvistusta, kun pianisti <strong>Pinja Ukkola<\/strong> tuli uutena voimana mukaan hallitukseen. Hallituksen keski-ik\u00e4 laski samalla merkitt\u00e4v\u00e4sti. J\u00e4senmaksut p\u00e4\u00e4tettiin pit\u00e4\u00e4 ennallaan ja vuonna 2023 jatketaan juhlavuoden 2025 valmisteluja, saatetaan Melartin-el\u00e4m\u00e4kerran kirjoittaminen p\u00e4\u00e4t\u00f6kseen, yritet\u00e4\u00e4n saada Aino-oopperan partituurin puhtaaksikirjoitusprojekti valmiiksi ja pitk\u00e4\u00e4n vireill\u00e4 ollut Leo Funtekin Melartinin Koskenniemi-lauluista tekemist\u00e4 orkesteris\u00e4estyksist\u00e4 versioista esitys toteutetuksi. Yrit\u00e4mme pit\u00e4\u00e4 huolta siit\u00e4, ett\u00e4 Melartin trendaa my\u00f6s vuonna 2023.<\/p>\n\n\n<div class=\"wp-block-image\">\n<figure class=\"aligncenter size-full\"><img loading=\"lazy\" decoding=\"async\" width=\"478\" height=\"159\" src=\"https:\/\/erkkimelartin.fi\/em\/wp-content\/uploads\/2022\/11\/Kirpilan-logo.png\" alt=\"\" class=\"wp-image-854\" srcset=\"https:\/\/erkkimelartin.fi\/em\/wp-content\/uploads\/2022\/11\/Kirpilan-logo.png 478w, https:\/\/erkkimelartin.fi\/em\/wp-content\/uploads\/2022\/11\/Kirpilan-logo-300x100.png 300w\" sizes=\"auto, (max-width: 478px) 100vw, 478px\" \/><\/figure>\n<\/div>\n\n\n<p>Kokousasioita t\u00e4rke\u00e4mp\u00e4\u00e4 oli kuitenkin &#8211; se rehellisesti my\u00f6nnett\u00e4k\u00f6\u00f6n &#8211; tutustuminen <strong><a rel=\"noreferrer noopener\" href=\"https:\/\/taidekotikirpila.fi\/\" target=\"_blank\">Taidekoti Kirpil\u00e4n<\/a><\/strong> kiehtovaan tarjontaan. Meill\u00e4 oli ilo saada oppaaksemme <strong>Antti Solin<\/strong>, jonka asiantunteva ja el\u00e4ytyv\u00e4 kierros v\u00e4hint\u00e4\u00e4nkin tuplasi visuaalisen annin. Ihan kiusallakaan en silti liit\u00e4 t\u00e4h\u00e4n kuvia Kirpil\u00e4st\u00e4 t\u00e4t\u00e4 yht\u00e4 enemp\u00e4\u00e4. Haluan, ett\u00e4 teette sinne vierailun aivan itse. Voin vakuuttaa, ett\u00e4 kannattaa! Taidekoti on my\u00f6s maksuton, mik\u00e4 n\u00e4in\u00e4 aikoina ei ole mik\u00e4\u00e4n huono uutinen muille kuin museokortin omistajille. Tai ei tietysti oikeasti meillek\u00e4\u00e4n. <\/p>\n\n\n\n<figure class=\"wp-block-image size-large\"><img loading=\"lazy\" decoding=\"async\" width=\"1024\" height=\"512\" src=\"https:\/\/erkkimelartin.fi\/em\/wp-content\/uploads\/2022\/11\/IMG_20221123_181914-1024x512.jpg\" alt=\"\" class=\"wp-image-849\" srcset=\"https:\/\/erkkimelartin.fi\/em\/wp-content\/uploads\/2022\/11\/IMG_20221123_181914-1024x512.jpg 1024w, https:\/\/erkkimelartin.fi\/em\/wp-content\/uploads\/2022\/11\/IMG_20221123_181914-300x150.jpg 300w, https:\/\/erkkimelartin.fi\/em\/wp-content\/uploads\/2022\/11\/IMG_20221123_181914-768x384.jpg 768w, https:\/\/erkkimelartin.fi\/em\/wp-content\/uploads\/2022\/11\/IMG_20221123_181914-1536x768.jpg 1536w, https:\/\/erkkimelartin.fi\/em\/wp-content\/uploads\/2022\/11\/IMG_20221123_181914-2048x1024.jpg 2048w, https:\/\/erkkimelartin.fi\/em\/wp-content\/uploads\/2022\/11\/IMG_20221123_181914-840x420.jpg 840w\" sizes=\"auto, (max-width: 1024px) 100vw, 1024px\" \/><\/figure>\n\n\n\n<p>Teksti ja kuva Heikki Poroila<\/p>\n","protected":false},"excerpt":{"rendered":"<p>Erkki Melartin -seura ryn s\u00e4\u00e4nt\u00f6m\u00e4\u00e4r\u00e4inen syyskokous pidettiin keskiviikkona 23.11.2022 Taidekoti Kirpil\u00e4n pehmeill\u00e4 sohvilla taulujen, veistosten ja vanhojen huonekalujen keskell\u00e4. Seuran[&#8230;]<\/p>\n","protected":false},"author":1,"featured_media":0,"comment_status":"closed","ping_status":"closed","sticky":false,"template":"","format":"standard","meta":{"footnotes":""},"categories":[1],"tags":[],"class_list":["post-852","post","type-post","status-publish","format-standard","hentry","category-uncategorized"],"_links":{"self":[{"href":"https:\/\/erkkimelartin.fi\/em\/index.php?rest_route=\/wp\/v2\/posts\/852","targetHints":{"allow":["GET"]}}],"collection":[{"href":"https:\/\/erkkimelartin.fi\/em\/index.php?rest_route=\/wp\/v2\/posts"}],"about":[{"href":"https:\/\/erkkimelartin.fi\/em\/index.php?rest_route=\/wp\/v2\/types\/post"}],"author":[{"embeddable":true,"href":"https:\/\/erkkimelartin.fi\/em\/index.php?rest_route=\/wp\/v2\/users\/1"}],"replies":[{"embeddable":true,"href":"https:\/\/erkkimelartin.fi\/em\/index.php?rest_route=%2Fwp%2Fv2%2Fcomments&post=852"}],"version-history":[{"count":2,"href":"https:\/\/erkkimelartin.fi\/em\/index.php?rest_route=\/wp\/v2\/posts\/852\/revisions"}],"predecessor-version":[{"id":855,"href":"https:\/\/erkkimelartin.fi\/em\/index.php?rest_route=\/wp\/v2\/posts\/852\/revisions\/855"}],"wp:attachment":[{"href":"https:\/\/erkkimelartin.fi\/em\/index.php?rest_route=%2Fwp%2Fv2%2Fmedia&parent=852"}],"wp:term":[{"taxonomy":"category","embeddable":true,"href":"https:\/\/erkkimelartin.fi\/em\/index.php?rest_route=%2Fwp%2Fv2%2Fcategories&post=852"},{"taxonomy":"post_tag","embeddable":true,"href":"https:\/\/erkkimelartin.fi\/em\/index.php?rest_route=%2Fwp%2Fv2%2Ftags&post=852"}],"curies":[{"name":"wp","href":"https:\/\/api.w.org\/{rel}","templated":true}]}}